{"id":287,"date":"2009-08-25T21:12:06","date_gmt":"2009-08-26T02:12:06","guid":{"rendered":"http:\/\/blog.espol.edu.ec\/maconchitasanchez\/?p=287"},"modified":"2009-08-25T23:06:32","modified_gmt":"2009-08-26T04:06:32","slug":"la-madre-mas-pequena-del-mundo","status":"publish","type":"post","link":"https:\/\/blog.espol.edu.ec\/maconchitasanchez\/2009\/08\/25\/la-madre-mas-pequena-del-mundo\/","title":{"rendered":"La madre m\u00e1s peque\u00f1a del mundo!!!!"},"content":{"rendered":"<div><\/div>\n<div><span style=\"font-family: &quot;Tahoma&quot;,&quot;sans-serif&amp;quot\"><\/span><\/div>\n<p><span style=\"font-family: &quot;Tahoma&quot;,&quot;sans-serif&amp;quot\"><span style=\"font-size: small\"><\/p>\n<p class=\"MsoNormal\" style=\"margin: 0cm 0cm 10pt\">\n<div class=\"MsoNormal\" style=\"margin: 0cm 0cm 10pt\"><span style=\"font-size: 10pt;font-family: &quot;Tahoma&quot;,&quot;sans-serif&amp;quot\">Cristianne Ray, una joven de 20 a\u00f1os y 84 cent\u00edmetros de altura, <span>\u00a0<\/span>dej\u00f3 at\u00f3nitos a los m\u00e9dicos convirti\u00e9ndose en la mujer m\u00e1s peque\u00f1a del mundo en dar a luz. Cuando se enteraron de su embarazo no programado, los doctores temieron por la vida de Cristianne. Sin embargo, ella estaba decidida a tener a su beb\u00e9. Ahora, a pesar de los pron\u00f3sticos, mece en sus brazos a su peque\u00f1a reci\u00e9n nacida. Jeremy Bowden, el orgulloso pap\u00e1, destaca por sus 1,90 metros de altura. La peque\u00f1a Kyrsten naci\u00f3 con 2,04 kilos y 35,5 cm de largo. A pesar de su altura, Cristianne y su novio Jeremy est\u00e1n decididos a darle la mejor vida a su hija y a ellos mismos.<\/span><\/div>\n<div><span style=\"font-size: 10pt;font-family: &quot;Tahoma&quot;,&quot;sans-serif&amp;quot\">Cristianne padece una rara enfermedad \u00f3sea que impidi\u00f3 que sus huesos crecieran al ritmo de un adulto. Aunque posee \u00f3rganos y m\u00fasculos de tama\u00f1o normal, todos ellos est\u00e1n compactados en un espacio muy peque\u00f1o. El embarazo de Cristianne fue totalmente \u00fanico. De hecho, no existen otros casos similares. Si el beb\u00e9 hubiese crecido en su \u00fatero boca arriba, podr\u00eda haberle aplastado el coraz\u00f3n y los pulmones. La madre, por su parte, necesitaba mantener al feto al menos 30 semanas en su cuerpo para ofrecerle la posibilidad de luchar por su supervivencia fuera del \u00fatero.<\/span><\/div>\n<div><span style=\"font-size: 10pt;font-family: &quot;Tahoma&quot;,&quot;sans-serif&amp;quot\">Cristianne vive con sus padres y su novio Jeremy en Seattle, Washington, Estados Unidos. La seguimos mientras emprende el gran desaf\u00edo de la maternidad. Desde las dificultades del d\u00eda a d\u00eda que alguien de su altura debe enfrentar para cuidar a un beb\u00e9, hasta las presiones de ser una madre joven de tan s\u00f3lo 20 a\u00f1os. La vida cotidiana no es f\u00e1cil. Ha de cambiar pa\u00f1ales, ba\u00f1ar, jugar y alimentar al beb\u00e9, adem\u00e1s de exponerse a las miradas y comentarios del p\u00fablico cuando salen a pasear en familia.<\/span><\/div>\n<div><span style=\"font-size: 10pt;font-family: &quot;Tahoma&quot;,&quot;sans-serif&amp;quot\">Por otra parte, deben tener mucho cuidado con la peque\u00f1a Kyrsten, debido a que \u00e9sta naci\u00f3 prematura y con el paladar hendido. Adem\u00e1s, ha heredado la afecci\u00f3n \u00f3sea de su madre, aunque nadie sabe con certeza la importancia de su alcance. Por el momento, la familia visita m\u00e9dicos para obtener una mejor idea de qu\u00e9 es lo que les deparar\u00e1 el porvenir \u00bfC\u00f3mo afectar\u00e1 esto a la salud de la peque\u00f1a y c\u00f3mo ser\u00e1 su futuro?<br \/>\n<span style=\"font-size: 8pt;font-family: &quot;Verdana&quot;,&quot;sans-serif&amp;quot\"><br \/>\n<\/span><span style=\"font-size: 10pt;font-family: &quot;Tahoma&quot;,&quot;sans-serif&amp;quot\">La historia de Cristianne y Jeremy ha ocupado numerosos titulares a nivel nacional y resulta f\u00e1cil encontrar en la Internet comentarios del p\u00fablico en general hacia su decisi\u00f3n. Algunos creen que lo que est\u00e1n haciendo no es lo correcto. Cristianne, sin embargo, desea probar que esa gente est\u00e1 equivocada. Para ello, maneja su autom\u00f3vil, juega a los bolos con el objetivo de mantenerse en forma y elige su propio vestido de novia. Sin duda alguna, est\u00e1 desesperada por el hecho de que ella y su familia lleven una vida independiente y normal.<\/span><\/span><\/div>\n<p class=\"MsoNormal\" style=\"text-align: center\"><span style=\"font-size: 10pt\"><img loading=\"lazy\" decoding=\"async\" class=\"size-thumbnail wp-image-289    aligncenter\" src=\"http:\/\/blog.espol.edu.ec\/maconchitasanchez\/files\/2009\/08\/media-7719-188201-150x150.jpg\" alt=\"media-7719-188201\" width=\"150\" height=\"150\" \/><\/span><\/p>\n<p><\/span><\/span><\/p>\n","protected":false},"excerpt":{"rendered":"<p>Cristianne Ray, una joven de 20 a\u00f1os y 84 cent\u00edmetros de altura, \u00a0dej\u00f3 at\u00f3nitos a los m\u00e9dicos convirti\u00e9ndose en la mujer m\u00e1s peque\u00f1a del mundo en dar a luz. Cuando se enteraron de su embarazo no programado, los doctores temieron por la vida de Cristianne. Sin embargo, ella estaba decidida a tener a su beb\u00e9. [&hellip;]<\/p>\n","protected":false},"author":2412,"featured_media":0,"comment_status":"open","ping_status":"open","sticky":false,"template":"","format":"standard","meta":{"footnotes":""},"categories":[8635],"tags":[],"class_list":["post-287","post","type-post","status-publish","format-standard","hentry","category-historias-increibles"],"_links":{"self":[{"href":"https:\/\/blog.espol.edu.ec\/maconchitasanchez\/wp-json\/wp\/v2\/posts\/287","targetHints":{"allow":["GET"]}}],"collection":[{"href":"https:\/\/blog.espol.edu.ec\/maconchitasanchez\/wp-json\/wp\/v2\/posts"}],"about":[{"href":"https:\/\/blog.espol.edu.ec\/maconchitasanchez\/wp-json\/wp\/v2\/types\/post"}],"author":[{"embeddable":true,"href":"https:\/\/blog.espol.edu.ec\/maconchitasanchez\/wp-json\/wp\/v2\/users\/2412"}],"replies":[{"embeddable":true,"href":"https:\/\/blog.espol.edu.ec\/maconchitasanchez\/wp-json\/wp\/v2\/comments?post=287"}],"version-history":[{"count":6,"href":"https:\/\/blog.espol.edu.ec\/maconchitasanchez\/wp-json\/wp\/v2\/posts\/287\/revisions"}],"predecessor-version":[{"id":302,"href":"https:\/\/blog.espol.edu.ec\/maconchitasanchez\/wp-json\/wp\/v2\/posts\/287\/revisions\/302"}],"wp:attachment":[{"href":"https:\/\/blog.espol.edu.ec\/maconchitasanchez\/wp-json\/wp\/v2\/media?parent=287"}],"wp:term":[{"taxonomy":"category","embeddable":true,"href":"https:\/\/blog.espol.edu.ec\/maconchitasanchez\/wp-json\/wp\/v2\/categories?post=287"},{"taxonomy":"post_tag","embeddable":true,"href":"https:\/\/blog.espol.edu.ec\/maconchitasanchez\/wp-json\/wp\/v2\/tags?post=287"}],"curies":[{"name":"wp","href":"https:\/\/api.w.org\/{rel}","templated":true}]}}