{"id":539,"date":"2010-03-04T20:32:04","date_gmt":"2010-03-05T01:32:04","guid":{"rendered":"http:\/\/blog.espol.edu.ec\/maconchitasanchez\/?p=539"},"modified":"2011-03-14T01:03:49","modified_gmt":"2011-03-14T06:03:49","slug":"reconstruccion-de-chile-entre-3-y-4-anos","status":"publish","type":"post","link":"https:\/\/blog.espol.edu.ec\/maconchitasanchez\/2010\/03\/04\/reconstruccion-de-chile-entre-3-y-4-anos\/","title":{"rendered":"Reconstrucci\u00f3n de Chile, entre 3 y 4 a\u00f1os"},"content":{"rendered":"<p><FONT SIZE=\"\u201c2\u201d\"><font face=\"Tahoma\"> <\/p>\n<p style=\"text-align: justify\">\n<p style=\"text-align: justify\">La reconstrucci\u00f3n en Chile tras el terremoto de 8,8 grados del s\u00e1bado y el posterior tsunami demorar\u00e1 por los menos tres a\u00f1os, afirm\u00f3 este jueves la presidenta Michelle Bachelet, a\u00fan sin entregar una cifra concreta de da\u00f1os.<\/p>\n<p style=\"text-align: justify\">\"Creo que por lo menos (demorar\u00e1) pr\u00e1cticamente todo el (per\u00edodo del) Gobierno pr\u00f3ximo o por lo menos 3 a\u00f1os\", dijo Bachelet en una entrevista con la radio ADN de Santiago.<\/p>\n<p style=\"text-align: justify\">El gobierno del presidente electo Sebasti\u00e1n Pi\u00f1era asumir\u00e1 el pr\u00f3ximo 11 de marzo y se extender\u00e1 por un periodo de cuatro a\u00f1os.<\/p>\n<p style=\"text-align: justify\">La magnitud de los da\u00f1os \"es enorme. El terremoto fue devastador\", agreg\u00f3 la mandataria.<\/p>\n<p style=\"text-align: justify\">Bachelet afirm\u00f3 adem\u00e1s que para las tareas de reconstrucci\u00f3n Chile -actual acreedor del FMI- requerir\u00e1 de algunos cr\u00e9ditos internacionales.<\/p>\n<p style=\"text-align: justify\">\"Chile tiene recursos para una cantidad de acciones, pero vamos a tener que pedir cr\u00e9dito al Banco Mundial u otras entidades\", se\u00f1al\u00f3 la presidenta, quien agreg\u00f3 que a\u00fan no se ha dimensionado la cifra de da\u00f1os provocada por el terremoto y el posterior tsunami.<\/p>\n<p style=\"text-align: justify\">\"Hay zonas rurales donde est\u00e1 todo en el suelo (...), hay destrucci\u00f3n de infraestructura. Miles de chilenos han perdido no s\u00f3lo a sus seres queridos sino sus casas y pertenencias, hay empresas que han sufrido p\u00e9rdidas importantes\", describi\u00f3 Bachelet.<\/p>\n<p style=\"text-align: justify\">El terremoto se registr\u00f3 a las 03:34 locales del s\u00e1bado pasado (06:34 GMT) y deja hasta ahora un saldo parcial de 802 muertos.<\/p>\n<p>. <\/p>\n<p><\/font><\/FONT><\/p>\n","protected":false},"excerpt":{"rendered":"<p>La reconstrucci\u00f3n en Chile tras el terremoto de 8,8 grados del s\u00e1bado y el posterior tsunami demorar\u00e1 por los menos tres a\u00f1os, afirm\u00f3 este jueves la presidenta Michelle Bachelet, a\u00fan sin entregar una cifra concreta de da\u00f1os. \"Creo que por lo menos (demorar\u00e1) pr\u00e1cticamente todo el (per\u00edodo del) Gobierno pr\u00f3ximo o por lo menos 3 [&hellip;]<\/p>\n","protected":false},"author":2412,"featured_media":0,"comment_status":"open","ping_status":"open","sticky":false,"template":"","format":"standard","meta":{"footnotes":""},"categories":[128],"tags":[],"class_list":["post-539","post","type-post","status-publish","format-standard","hentry","category-noticias"],"_links":{"self":[{"href":"https:\/\/blog.espol.edu.ec\/maconchitasanchez\/wp-json\/wp\/v2\/posts\/539","targetHints":{"allow":["GET"]}}],"collection":[{"href":"https:\/\/blog.espol.edu.ec\/maconchitasanchez\/wp-json\/wp\/v2\/posts"}],"about":[{"href":"https:\/\/blog.espol.edu.ec\/maconchitasanchez\/wp-json\/wp\/v2\/types\/post"}],"author":[{"embeddable":true,"href":"https:\/\/blog.espol.edu.ec\/maconchitasanchez\/wp-json\/wp\/v2\/users\/2412"}],"replies":[{"embeddable":true,"href":"https:\/\/blog.espol.edu.ec\/maconchitasanchez\/wp-json\/wp\/v2\/comments?post=539"}],"version-history":[{"count":3,"href":"https:\/\/blog.espol.edu.ec\/maconchitasanchez\/wp-json\/wp\/v2\/posts\/539\/revisions"}],"predecessor-version":[{"id":583,"href":"https:\/\/blog.espol.edu.ec\/maconchitasanchez\/wp-json\/wp\/v2\/posts\/539\/revisions\/583"}],"wp:attachment":[{"href":"https:\/\/blog.espol.edu.ec\/maconchitasanchez\/wp-json\/wp\/v2\/media?parent=539"}],"wp:term":[{"taxonomy":"category","embeddable":true,"href":"https:\/\/blog.espol.edu.ec\/maconchitasanchez\/wp-json\/wp\/v2\/categories?post=539"},{"taxonomy":"post_tag","embeddable":true,"href":"https:\/\/blog.espol.edu.ec\/maconchitasanchez\/wp-json\/wp\/v2\/tags?post=539"}],"curies":[{"name":"wp","href":"https:\/\/api.w.org\/{rel}","templated":true}]}}