{"id":346,"date":"2015-06-01T03:09:52","date_gmt":"2015-06-01T03:09:52","guid":{"rendered":"http:\/\/blog.espol.edu.ec\/maferpacheco\/?p=346"},"modified":"2015-06-01T03:18:09","modified_gmt":"2015-06-01T03:18:09","slug":"la-tendencia-del-pelo-efecto-mojado","status":"publish","type":"post","link":"https:\/\/blog.espol.edu.ec\/maferpacheco\/2015\/06\/01\/la-tendencia-del-pelo-efecto-mojado\/","title":{"rendered":"LA TENDENCIA DEL PELO EFECTO MOJADO..!!"},"content":{"rendered":"<blockquote><p><a href=\"http:\/\/blog.espol.edu.ec\/maferpacheco\/files\/2015\/06\/880ee2d255thumb.jpg.jpg\"><img loading=\"lazy\" decoding=\"async\" class=\"aligncenter size-medium wp-image-347\" src=\"http:\/\/blog.espol.edu.ec\/maferpacheco\/files\/2015\/06\/880ee2d255thumb.jpg-300x300.jpg\" alt=\"880ee2d255thumb.jpg\" width=\"300\" height=\"300\" srcset=\"https:\/\/blog.espol.edu.ec\/maferpacheco\/files\/2015\/06\/880ee2d255thumb.jpg-300x300.jpg 300w, https:\/\/blog.espol.edu.ec\/maferpacheco\/files\/2015\/06\/880ee2d255thumb.jpg-150x150.jpg 150w, https:\/\/blog.espol.edu.ec\/maferpacheco\/files\/2015\/06\/880ee2d255thumb.jpg.jpg 497w\" sizes=\"auto, (max-width: 300px) 100vw, 300px\" \/><\/a><\/p>\n<p><a href=\"http:\/\/www.get-the-look.cl\/articulo\/lucete-con-un-wet-look-trasero-como-lea-michele_a795\/1\" target=\"_blank\">El cabello con efecto mojado<\/a> apareci\u00f3 en todas las pasarelas de la moda, este estilo\u00a0puede ser adaptado para peinados tanto con hebras sueltas, como recogidas y combina con cualquier tipo de ocasi\u00f3n, desde las informales hasta otras m\u00e1s sofisticados.<\/p>\n<p style=\"text-align: center\"><strong>L\u00daCETE!!<\/strong><\/p>\n<p>Para seguir la tendencia, una buena opci\u00f3n es aplicar gel l\u00edquido en las hebras a\u00fan h\u00famedas, secar con el <a href=\"https:\/\/www.google.com.ec\/url?sa=i&amp;rct=j&amp;q=&amp;esrc=s&amp;source=images&amp;cd=&amp;cad=rja&amp;uact=8&amp;ved=0CAcQjRw&amp;url=http%3A%2F%2Fmaquilladas.com%2Fconsejos-para-usar-el-difusor%2F&amp;ei=psprVaWkLsnFgwSf2YHwCQ&amp;bvm=bv.94455598,d.cWc&amp;psig=AFQjCNFZeZjANKM1jXFJz-hRkgFpEURoDg&amp;ust=1433213980020336\" target=\"_blank\">difusor<\/a> para no da\u00f1ar la textura y peinar de la manera en que prefieras...<!--more--><\/p>\n<p>Otra opci\u00f3n para lograr el efecto mojado es finalizar el peinado que requiere de mayor elaboraci\u00f3n con spray con brillo. Este producto tambi\u00e9n da el estilo de cabello mojado, dej\u00e1ndote a la moda en s\u00f3lo segundos.<\/p>\n<p><a href=\"http:\/\/www.get-the-look.cl\/articulo\/el-cabello-corto-iconico-de-la-supermodelo-linda-evangelista-en-los-anos-90-s_a734\/1\" target=\"_blank\">Si tienes el cabello corto,<\/a> tambi\u00e9n te puedes unir a esta moda, ya que el \"pelo mojado\" tambi\u00e9n funciona en este tipo de corte y en peinados tradicionales, como colas de caballo o mo\u00f1os.<\/p>\n<p>Este look es excelente para quien no es fan\u00e1tica de usar secador o plancha diariamente, pues el gel ya garantiza un <a href=\"http:\/\/www.get-the-look.cl\/articulo\/liso-extremo-como-lavar-y-secar-para-que-quede-perfecto_a793\/1\" target=\"_blank\">efecto m\u00e1s liso al cabello<\/a> .<\/p>\n<p>En las temporadas de moda de Nueva York, Londres, Mil\u00e1n y Par\u00eds, el peinado apareci\u00f3 en los desfiles de <a href=\"http:\/\/es.wikipedia.org\/wiki\/Prada_%28casa_de_moda%29\" target=\"_blank\">Prada,<\/a> <a href=\"http:\/\/www.robertocavalli.com\/\" target=\"_blank\">Roberto Cavalli<\/a>, <a href=\"http:\/\/www.johngalliano.com\/\" target=\"_blank\">John Galiano <\/a>y <a href=\"https:\/\/www.celine.com\/en\" target=\"_blank\">C\u00e9line,<\/a>entre otros, imponiendo un peinado diferente y un estilo que de seguro se ver\u00e1 tanto en las calles como en fiestas formales.<\/p>\n<p>Lo bueno es que este look es para todas las mujeres, con pelo largo o corto, prefiera llevar el pelo suelto o amarrado. Lo que se necesita es un poco de personalidad, ya que como es un estilo nuevo, poco a poco se ir\u00e1 implementado en las actividades de cada d\u00eda, por lo que puedes ser de las primeras que se atreven a marcar tendencias.<\/p><\/blockquote>\n<p>&nbsp;<\/p>\n","protected":false},"excerpt":{"rendered":"<p>El cabello con efecto mojado apareci\u00f3 en todas las pasarelas de la moda, este estilo\u00a0puede ser adaptado para peinados tanto con hebras sueltas, como recogidas y combina con cualquier tipo de ocasi\u00f3n, desde las informales hasta otras m\u00e1s sofisticados. L\u00daCETE!! Para seguir la tendencia, una buena opci\u00f3n es aplicar gel l\u00edquido en las hebras a\u00fan [&hellip;]<\/p>\n","protected":false},"author":9590,"featured_media":0,"comment_status":"open","ping_status":"open","sticky":false,"template":"","format":"standard","meta":{"footnotes":""},"categories":[818],"tags":[],"class_list":["post-346","post","type-post","status-publish","format-standard","hentry","category-sin-categoria"],"_links":{"self":[{"href":"https:\/\/blog.espol.edu.ec\/maferpacheco\/wp-json\/wp\/v2\/posts\/346","targetHints":{"allow":["GET"]}}],"collection":[{"href":"https:\/\/blog.espol.edu.ec\/maferpacheco\/wp-json\/wp\/v2\/posts"}],"about":[{"href":"https:\/\/blog.espol.edu.ec\/maferpacheco\/wp-json\/wp\/v2\/types\/post"}],"author":[{"embeddable":true,"href":"https:\/\/blog.espol.edu.ec\/maferpacheco\/wp-json\/wp\/v2\/users\/9590"}],"replies":[{"embeddable":true,"href":"https:\/\/blog.espol.edu.ec\/maferpacheco\/wp-json\/wp\/v2\/comments?post=346"}],"version-history":[{"count":4,"href":"https:\/\/blog.espol.edu.ec\/maferpacheco\/wp-json\/wp\/v2\/posts\/346\/revisions"}],"predecessor-version":[{"id":351,"href":"https:\/\/blog.espol.edu.ec\/maferpacheco\/wp-json\/wp\/v2\/posts\/346\/revisions\/351"}],"wp:attachment":[{"href":"https:\/\/blog.espol.edu.ec\/maferpacheco\/wp-json\/wp\/v2\/media?parent=346"}],"wp:term":[{"taxonomy":"category","embeddable":true,"href":"https:\/\/blog.espol.edu.ec\/maferpacheco\/wp-json\/wp\/v2\/categories?post=346"},{"taxonomy":"post_tag","embeddable":true,"href":"https:\/\/blog.espol.edu.ec\/maferpacheco\/wp-json\/wp\/v2\/tags?post=346"}],"curies":[{"name":"wp","href":"https:\/\/api.w.org\/{rel}","templated":true}]}}