{"id":36,"date":"2008-10-20T23:34:42","date_gmt":"2008-10-21T04:34:42","guid":{"rendered":"http:\/\/blog.espol.edu.ec\/makubex\/?p=36"},"modified":"2009-01-18T19:12:28","modified_gmt":"2009-01-19T00:12:28","slug":"el-tarjetero","status":"publish","type":"post","link":"https:\/\/blog.espol.edu.ec\/makubex\/el-tarjetero\/","title":{"rendered":"Personaje de la Semana: El Tarjetero"},"content":{"rendered":"<p>Qui\u00e9n no lo conoce??? Qui\u00e9n no le ha comprado una tarjeta?? Qui\u00e9n no lo ha escuchado cantar sus peculiares canciones combinadas con algo que tenga la palabra \"Porta\" \"Movistar\" o \"Alegro\"?? todos los dias, sentado o bailando, pero SIEMPRE cantando sobre sus tarjetas, exactamente en el paradero de los buses de la ESPOL, cuando te sientes triste, porque tu pelada(o) te dejo,\u00a0lo mejor es escucharlo cantar &lt;&lt; <strong>Anoche, Anoche so\u00f1\u00e9 contigo, so\u00f1\u00e9 que tu me comprabas una Portaaa<\/strong>&gt;&gt; o sus t\u00edpicas fr\u00e1ses de &lt;&lt;Portaa de 3 de 6 de 10, Movi y Alegrooo&gt;&gt;Alguien que me ayude a recordar sus canciones :S<\/p>\n<div id=\"attachment_37\" style=\"width: 510px\" class=\"wp-caption aligncenter\"><a href=\"http:\/\/blog.espol.edu.ec\/makubex\/files\/2008\/10\/dsc00334.jpg\"><img loading=\"lazy\" decoding=\"async\" aria-describedby=\"caption-attachment-37\" class=\"size-full wp-image-37\" src=\"http:\/\/blog.espol.edu.ec\/makubex\/files\/2008\/10\/dsc00334.jpg\" alt=\"El Tarjetero en plena Acci\u00f3n\" width=\"500\" height=\"375\" \/><\/a><p id=\"caption-attachment-37\" class=\"wp-caption-text\">El Tarjetero en plena Acci\u00f3n<\/p><\/div>\n","protected":false},"excerpt":{"rendered":"<p>Qui\u00e9n no lo conoce??? Qui\u00e9n no le ha comprado una tarjeta?? Qui\u00e9n no lo ha escuchado cantar sus peculiares canciones combinadas con algo que tenga la palabra \"Porta\" \"Movistar\" o \"Alegro\"?? todos los dias, sentado o bailando, pero SIEMPRE cantando sobre sus tarjetas, exactamente en el paradero de los buses de la ESPOL, cuando te [&hellip;]<\/p>\n","protected":false},"author":116,"featured_media":0,"comment_status":"open","ping_status":"open","sticky":false,"template":"","format":"standard","meta":{"_monsterinsights_skip_tracking":false,"_monsterinsights_sitenote_active":false,"_monsterinsights_sitenote_note":"","_monsterinsights_sitenote_category":0,"footnotes":""},"categories":[332],"tags":[809,808,807,810],"class_list":["post-36","post","type-post","status-publish","format-standard","hentry","category-personaje-de-la-semana","tag-alegro","tag-movistar","tag-porta","tag-tarjetero"],"aioseo_notices":[],"_links":{"self":[{"href":"https:\/\/blog.espol.edu.ec\/makubex\/wp-json\/wp\/v2\/posts\/36","targetHints":{"allow":["GET"]}}],"collection":[{"href":"https:\/\/blog.espol.edu.ec\/makubex\/wp-json\/wp\/v2\/posts"}],"about":[{"href":"https:\/\/blog.espol.edu.ec\/makubex\/wp-json\/wp\/v2\/types\/post"}],"author":[{"embeddable":true,"href":"https:\/\/blog.espol.edu.ec\/makubex\/wp-json\/wp\/v2\/users\/116"}],"replies":[{"embeddable":true,"href":"https:\/\/blog.espol.edu.ec\/makubex\/wp-json\/wp\/v2\/comments?post=36"}],"version-history":[{"count":7,"href":"https:\/\/blog.espol.edu.ec\/makubex\/wp-json\/wp\/v2\/posts\/36\/revisions"}],"predecessor-version":[{"id":413,"href":"https:\/\/blog.espol.edu.ec\/makubex\/wp-json\/wp\/v2\/posts\/36\/revisions\/413"}],"wp:attachment":[{"href":"https:\/\/blog.espol.edu.ec\/makubex\/wp-json\/wp\/v2\/media?parent=36"}],"wp:term":[{"taxonomy":"category","embeddable":true,"href":"https:\/\/blog.espol.edu.ec\/makubex\/wp-json\/wp\/v2\/categories?post=36"},{"taxonomy":"post_tag","embeddable":true,"href":"https:\/\/blog.espol.edu.ec\/makubex\/wp-json\/wp\/v2\/tags?post=36"}],"curies":[{"name":"wp","href":"https:\/\/api.w.org\/{rel}","templated":true}]}}