{"id":117,"date":"2016-11-13T20:34:22","date_gmt":"2016-11-13T20:34:22","guid":{"rendered":"http:\/\/blog.espol.edu.ec\/marauzam\/?p=117"},"modified":"2016-11-13T20:39:30","modified_gmt":"2016-11-13T20:39:30","slug":"sebastian-padron","status":"publish","type":"post","link":"https:\/\/blog.espol.edu.ec\/marauzam\/2016\/11\/13\/sebastian-padron\/","title":{"rendered":"Sebasti\u00e1n Padr\u00f3n - Fot\u00f3grafo del Ecuador"},"content":{"rendered":"<div id=\"yui_3_16_0_1_1416188865540_2671\" class=\"\"><span id=\"yui_3_16_0_1_1416188865540_2670\" class=\"\" lang=\"ES\">Sebasti\u00e1n siempre\u00a0 se ha sentido atra\u00eddo y fascinado por las formas complejas e incre\u00edbles colores en los cuales la naturaleza se presenta, de ni\u00f1o pas\u00f3 muchas horas buscando insectos, plantas y ranas en los campos y arroyos cerca de su casa. La pasi\u00f3n que estos organismos despertaron en \u00e9l, y la necesidad de conocerlos m\u00e1s, hizo que \u00e9l estudie biolog\u00eda. Luego en 2010 obtuvo su titulo de Maestr\u00eda en Entomolog\u00eda, y en 2014 su titulo de PhD en Entomolog\u00eda, en la Universidad de la Florida, Gainesville-USA.<\/span><\/div>\n<div class=\"\"><\/div>\n<div id=\"yui_3_16_0_1_1416188865540_2707\" class=\"\"><span id=\"yui_3_16_0_1_1416188865540_2708\" class=\"\" lang=\"ES\">Durante este tiempo ha Sebasti\u00e1n se le ha hecho imposible separar el inter\u00e9s cient\u00edfico y la fascinaci\u00f3n est\u00e9tica que la naturaleza produce, es por eso que aprendi\u00f3 fotograf\u00eda, especializ\u00e1ndose en fotograf\u00eda de naturaleza, principalmente en Microfotograf\u00eda, Paisajes, y en Blanco \u2013 Negro.<\/span><\/div>\n<div class=\"\"><\/div>\n<div id=\"yui_3_16_0_1_1416188865540_2668\" class=\"\"><span id=\"yui_3_16_0_1_1416188865540_2667\" class=\"\" lang=\"ES\">Sus fotos se han publicado en varias revistas y peri\u00f3dicos ecuatorianos, adem\u00e1s estas han aparecido en publicaciones cient\u00edficas en varias revista internacionales.<\/span><\/div>\n<div class=\"\"><span class=\"\">\u00a0<\/span><\/div>\n<p><strong>especialidad: \u00a0<\/strong>Naturaleza \u2013 Paisaje<\/p>\n<p><strong>email: \u00a0<\/strong><a href=\"http:\/\/www.fotografosecuatorianos.com\/portfolio\/sebastian-padron\/sebastianpadronm@yahoo.com\">sebastianpadronm@yahoo.com<br \/>\n<\/a><strong>celular: \u00a0<\/strong>593 9374109209<br \/>\n<strong>tel\u00e9fono: \u00a0<\/strong>593 2 07 4109209<br \/>\n<strong>ciudad: \u00a0<\/strong>Cuenca-Ecuador<br \/>\n<strong>website: \u00a0<\/strong><a href=\"http:\/\/www.sebastianpadron.com\/\" target=\"_blank\">http:\/\/www.sebastianpadron.com<br \/>\n<\/a><strong>blog:\u00a0<\/strong> <a href=\"https:\/\/500px.com\/sebastianpadron\" target=\"_blank\">https:\/\/500px.com\/sebastianpadron<br \/>\n<\/a><strong>flickr:\u00a0<\/strong> <a href=\"https:\/\/www.flickr.com\/photos\/28347466@N08\" target=\"_blank\">https:\/\/www.flickr.com\/photos\/28347466@N08<\/a><\/p>\n<div class=\"fancy_images\">\n<div class=\"fancy_image\"><a class=\"fancy_image_load\" title=\"\" href=\"http:\/\/www.fotografosecuatorianos.com\/portafolios\/sebastianpadron\/01.jpg\" rel=\"prettyPhoto[fancy_img_group_637]\"><span id=\"897_img_1\"><img loading=\"lazy\" decoding=\"async\" class=\"hover_fade_js\" title=\"\" src=\"http:\/\/www.fotografosecuatorianos.com\/wp-content\/themes\/persuasion\/lib\/scripts\/timthumb\/thumb.php?src=http:\/\/www.fotografosecuatorianos.com\/portafolios\/sebastianpadron\/01.jpg&amp;w=142&amp;h=142&amp;zc=1&amp;q=100\" alt=\"\" width=\"142\" height=\"142\" \/><\/span><\/a><a class=\"fancy_image_load\" title=\"\" href=\"http:\/\/www.fotografosecuatorianos.com\/portafolios\/sebastianpadron\/02.jpg\" rel=\"prettyPhoto[fancy_img_group_637]\"><span id=\"797_img_2\"><img loading=\"lazy\" decoding=\"async\" class=\"hover_fade_js\" title=\"\" src=\"http:\/\/www.fotografosecuatorianos.com\/wp-content\/themes\/persuasion\/lib\/scripts\/timthumb\/thumb.php?src=http:\/\/www.fotografosecuatorianos.com\/portafolios\/sebastianpadron\/02.jpg&amp;w=142&amp;h=142&amp;zc=1&amp;q=100\" alt=\"\" width=\"142\" height=\"142\" \/><\/span><\/a><a class=\"fancy_image_load\" title=\"\" href=\"http:\/\/www.fotografosecuatorianos.com\/portafolios\/sebastianpadron\/03.jpg\" rel=\"prettyPhoto[fancy_img_group_637]\"><span id=\"415_img_3\"><img loading=\"lazy\" decoding=\"async\" class=\"hover_fade_js\" title=\"\" src=\"http:\/\/www.fotografosecuatorianos.com\/wp-content\/themes\/persuasion\/lib\/scripts\/timthumb\/thumb.php?src=http:\/\/www.fotografosecuatorianos.com\/portafolios\/sebastianpadron\/03.jpg&amp;w=142&amp;h=142&amp;zc=1&amp;q=100\" alt=\"\" width=\"142\" height=\"142\" \/><\/span><\/a><a class=\"fancy_image_load\" title=\"\" href=\"http:\/\/www.fotografosecuatorianos.com\/portafolios\/sebastianpadron\/04.jpg\" rel=\"prettyPhoto[fancy_img_group_637]\"><span id=\"684_img_4\"><img loading=\"lazy\" decoding=\"async\" class=\"hover_fade_js\" title=\"\" src=\"http:\/\/www.fotografosecuatorianos.com\/wp-content\/themes\/persuasion\/lib\/scripts\/timthumb\/thumb.php?src=http:\/\/www.fotografosecuatorianos.com\/portafolios\/sebastianpadron\/04.jpg&amp;w=142&amp;h=142&amp;zc=1&amp;q=100\" alt=\"\" width=\"142\" height=\"142\" \/><\/span><\/a><a class=\"fancy_image_load\" title=\"\" href=\"http:\/\/www.fotografosecuatorianos.com\/portafolios\/sebastianpadron\/05.jpg\" rel=\"prettyPhoto[fancy_img_group_637]\"><span id=\"255_img_5\"><img loading=\"lazy\" decoding=\"async\" class=\"hover_fade_js\" title=\"\" src=\"http:\/\/www.fotografosecuatorianos.com\/wp-content\/themes\/persuasion\/lib\/scripts\/timthumb\/thumb.php?src=http:\/\/www.fotografosecuatorianos.com\/portafolios\/sebastianpadron\/05.jpg&amp;w=142&amp;h=142&amp;zc=1&amp;q=100\" alt=\"\" width=\"142\" height=\"142\" \/><\/span><\/a><a class=\"fancy_image_load\" title=\"\" href=\"http:\/\/www.fotografosecuatorianos.com\/portafolios\/sebastianpadron\/06.jpg\" rel=\"prettyPhoto[fancy_img_group_637]\"><span id=\"647_img_6\"><img loading=\"lazy\" decoding=\"async\" class=\"hover_fade_js\" title=\"\" src=\"http:\/\/www.fotografosecuatorianos.com\/wp-content\/themes\/persuasion\/lib\/scripts\/timthumb\/thumb.php?src=http:\/\/www.fotografosecuatorianos.com\/portafolios\/sebastianpadron\/06.jpg&amp;w=142&amp;h=142&amp;zc=1&amp;q=100\" alt=\"\" width=\"142\" height=\"142\" \/><\/span><\/a><a class=\"fancy_image_load\" title=\"\" href=\"http:\/\/www.fotografosecuatorianos.com\/portafolios\/sebastianpadron\/07.jpg\" rel=\"prettyPhoto[fancy_img_group_637]\"><span id=\"828_img_7\"><img loading=\"lazy\" decoding=\"async\" class=\"hover_fade_js\" title=\"\" src=\"http:\/\/www.fotografosecuatorianos.com\/wp-content\/themes\/persuasion\/lib\/scripts\/timthumb\/thumb.php?src=http:\/\/www.fotografosecuatorianos.com\/portafolios\/sebastianpadron\/07.jpg&amp;w=142&amp;h=142&amp;zc=1&amp;q=100\" alt=\"\" width=\"142\" height=\"142\" \/><\/span><\/a><a class=\"fancy_image_load\" title=\"\" href=\"http:\/\/www.fotografosecuatorianos.com\/portafolios\/sebastianpadron\/08.jpg\" rel=\"prettyPhoto[fancy_img_group_637]\"><span id=\"109_img_8\"><img loading=\"lazy\" decoding=\"async\" class=\"hover_fade_js\" title=\"\" src=\"http:\/\/www.fotografosecuatorianos.com\/wp-content\/themes\/persuasion\/lib\/scripts\/timthumb\/thumb.php?src=http:\/\/www.fotografosecuatorianos.com\/portafolios\/sebastianpadron\/08.jpg&amp;w=142&amp;h=142&amp;zc=1&amp;q=100\" alt=\"\" width=\"142\" height=\"142\" \/><\/span><\/a><a class=\"fancy_image_load\" title=\"\" href=\"http:\/\/www.fotografosecuatorianos.com\/portafolios\/sebastianpadron\/09.jpg\" rel=\"prettyPhoto[fancy_img_group_637]\"><span id=\"655_img_9\"><img loading=\"lazy\" decoding=\"async\" class=\"hover_fade_js\" title=\"\" src=\"http:\/\/www.fotografosecuatorianos.com\/wp-content\/themes\/persuasion\/lib\/scripts\/timthumb\/thumb.php?src=http:\/\/www.fotografosecuatorianos.com\/portafolios\/sebastianpadron\/09.jpg&amp;w=142&amp;h=142&amp;zc=1&amp;q=100\" alt=\"\" width=\"142\" height=\"142\" \/><\/span><\/a><a class=\"fancy_image_load\" title=\"\" href=\"http:\/\/www.fotografosecuatorianos.com\/portafolios\/sebastianpadron\/10.jpg\" rel=\"prettyPhoto[fancy_img_group_637]\"><span id=\"532_img_10\"><img loading=\"lazy\" decoding=\"async\" class=\"hover_fade_js\" title=\"\" src=\"http:\/\/www.fotografosecuatorianos.com\/wp-content\/themes\/persuasion\/lib\/scripts\/timthumb\/thumb.php?src=http:\/\/www.fotografosecuatorianos.com\/portafolios\/sebastianpadron\/10.jpg&amp;w=142&amp;h=142&amp;zc=1&amp;q=100\" alt=\"\" width=\"142\" height=\"142\" \/><\/span><\/a><a class=\"fancy_image_load\" title=\"\" href=\"http:\/\/www.fotografosecuatorianos.com\/portafolios\/sebastianpadron\/11.jpg\" rel=\"prettyPhoto[fancy_img_group_637]\"><span id=\"714_img_11\"><img loading=\"lazy\" decoding=\"async\" class=\"hover_fade_js\" title=\"\" src=\"http:\/\/www.fotografosecuatorianos.com\/wp-content\/themes\/persuasion\/lib\/scripts\/timthumb\/thumb.php?src=http:\/\/www.fotografosecuatorianos.com\/portafolios\/sebastianpadron\/11.jpg&amp;w=142&amp;h=142&amp;zc=1&amp;q=100\" alt=\"\" width=\"142\" height=\"142\" \/><\/span><\/a><a class=\"fancy_image_load\" title=\"\" href=\"http:\/\/www.fotografosecuatorianos.com\/portafolios\/sebastianpadron\/12.jpg\" rel=\"prettyPhoto[fancy_img_group_637]\"><span id=\"692_img_12\"><img loading=\"lazy\" decoding=\"async\" class=\"hover_fade_js\" title=\"\" src=\"http:\/\/www.fotografosecuatorianos.com\/wp-content\/themes\/persuasion\/lib\/scripts\/timthumb\/thumb.php?src=http:\/\/www.fotografosecuatorianos.com\/portafolios\/sebastianpadron\/12.jpg&amp;w=142&amp;h=142&amp;zc=1&amp;q=100\" alt=\"\" width=\"142\" height=\"142\" \/><\/span><\/a><\/div>\n<\/div>\n","protected":false},"excerpt":{"rendered":"<p>Sebasti\u00e1n siempre\u00a0 se ha sentido atra\u00eddo y fascinado por las formas complejas e incre\u00edbles colores en los cuales la naturaleza se presenta, de ni\u00f1o pas\u00f3 muchas horas buscando insectos, plantas y ranas en los campos y arroyos cerca de su casa. La pasi\u00f3n que estos organismos despertaron en \u00e9l, y la necesidad de conocerlos m\u00e1s, [&hellip;]<\/p>\n","protected":false},"author":10653,"featured_media":0,"comment_status":"open","ping_status":"open","sticky":false,"template":"","format":"standard","meta":{"footnotes":""},"categories":[1382809],"tags":[8678,3129,1382810,312,1198],"class_list":["post-117","post","type-post","status-publish","format-standard","hentry","category-biografias-de-fotografos-ecuatorianos","tag-creador","tag-fotografia","tag-fotografos-de-ecuador","tag-fotos","tag-naturaleza"],"_links":{"self":[{"href":"https:\/\/blog.espol.edu.ec\/marauzam\/wp-json\/wp\/v2\/posts\/117","targetHints":{"allow":["GET"]}}],"collection":[{"href":"https:\/\/blog.espol.edu.ec\/marauzam\/wp-json\/wp\/v2\/posts"}],"about":[{"href":"https:\/\/blog.espol.edu.ec\/marauzam\/wp-json\/wp\/v2\/types\/post"}],"author":[{"embeddable":true,"href":"https:\/\/blog.espol.edu.ec\/marauzam\/wp-json\/wp\/v2\/users\/10653"}],"replies":[{"embeddable":true,"href":"https:\/\/blog.espol.edu.ec\/marauzam\/wp-json\/wp\/v2\/comments?post=117"}],"version-history":[{"count":2,"href":"https:\/\/blog.espol.edu.ec\/marauzam\/wp-json\/wp\/v2\/posts\/117\/revisions"}],"predecessor-version":[{"id":122,"href":"https:\/\/blog.espol.edu.ec\/marauzam\/wp-json\/wp\/v2\/posts\/117\/revisions\/122"}],"wp:attachment":[{"href":"https:\/\/blog.espol.edu.ec\/marauzam\/wp-json\/wp\/v2\/media?parent=117"}],"wp:term":[{"taxonomy":"category","embeddable":true,"href":"https:\/\/blog.espol.edu.ec\/marauzam\/wp-json\/wp\/v2\/categories?post=117"},{"taxonomy":"post_tag","embeddable":true,"href":"https:\/\/blog.espol.edu.ec\/marauzam\/wp-json\/wp\/v2\/tags?post=117"}],"curies":[{"name":"wp","href":"https:\/\/api.w.org\/{rel}","templated":true}]}}