{"id":119,"date":"2016-11-13T20:36:28","date_gmt":"2016-11-13T20:36:28","guid":{"rendered":"http:\/\/blog.espol.edu.ec\/marauzam\/?p=119"},"modified":"2016-11-13T20:39:16","modified_gmt":"2016-11-13T20:39:16","slug":"sebastian-crespo","status":"publish","type":"post","link":"https:\/\/blog.espol.edu.ec\/marauzam\/2016\/11\/13\/sebastian-crespo\/","title":{"rendered":"Sebasti\u00e1n Crespo - Fot\u00f3grafo del Ecuador"},"content":{"rendered":"<p>Sebasti\u00e1n Crespo es un fot\u00f3grafo especializado en arquitectura y paisaje. Realiz\u00f3 sus estudios de fotograf\u00eda profesional en Barcelona-Espa\u00f1a.<\/p>\n<p>Desde el 2003 ha realizado varias exposiciones de su obra personal y sus im\u00e1genes han sido publicadas en un sinn\u00famero de libros y revistas nacionales e internacionales. Actualmente, combina su trabajo art\u00edstico con encargos editoriales, dividiendo su tiempo entre Ecuador y M\u00e9xico.<\/p>\n<p><strong>especialidad: \u00a0<\/strong>Arquitectura \u2013 Art\u00edstica \u2013 Paisaje<br \/>\n<strong>celular: \u00a0<\/strong>593 9 \u2013 99 17 1953<br \/>\n<strong>ciudad:\u00a0\u00a0<\/strong>Quito \u2013 Ecuador<br \/>\n<strong>email: \u00a0<a href=\"mailto:fotosebastiancrespo@gmail.com\" target=\"_blank\">fotosebastiancrespo@gmail.com<br \/>\n<\/a><\/strong><strong>website: \u00a0<a href=\"http:\/\/www.sebastian-crespo.com\/\" target=\"_blank\">www.sebastian-crespo.com<br \/>\n<\/a><\/strong><strong>flickr arquitectura: \u00a0<a href=\"http:\/\/www.flickr.com\/photos\/sebastiancrespocamacho\">www.flickr.com\/photos\/sebastiancrespocamacho<br \/>\n<\/a><\/strong><strong>flickr paisaje: \u00a0<a href=\"http:\/\/www.flickr.com\/photos\/sebastiancrespo\" target=\"_blank\">www.flickr.com\/photos\/sebastiancrespo<\/a><\/strong><\/p>\n<p>&nbsp;<\/p>\n<div class=\"fancy_images\">\n<div class=\"fancy_image\"><a class=\"fancy_image_load\" title=\"\" href=\"http:\/\/www.fotografosecuatorianos.com\/portafolios\/sebastiancrespo\/01.jpg\" rel=\"prettyPhoto[fancy_img_group_308]\"><span id=\"215_img_1\"><img loading=\"lazy\" decoding=\"async\" class=\"hover_fade_js\" title=\"\" src=\"http:\/\/www.fotografosecuatorianos.com\/wp-content\/themes\/persuasion\/lib\/scripts\/timthumb\/thumb.php?src=http:\/\/www.fotografosecuatorianos.com\/portafolios\/sebastiancrespo\/01.jpg&amp;w=142&amp;h=142&amp;zc=1&amp;q=100\" alt=\"\" width=\"142\" height=\"142\" \/><\/span><\/a><a class=\"fancy_image_load\" title=\"\" href=\"http:\/\/www.fotografosecuatorianos.com\/portafolios\/sebastiancrespo\/02.jpg\" rel=\"prettyPhoto[fancy_img_group_308]\"><span id=\"526_img_2\"><img loading=\"lazy\" decoding=\"async\" class=\"hover_fade_js\" title=\"\" src=\"http:\/\/www.fotografosecuatorianos.com\/wp-content\/themes\/persuasion\/lib\/scripts\/timthumb\/thumb.php?src=http:\/\/www.fotografosecuatorianos.com\/portafolios\/sebastiancrespo\/02.jpg&amp;w=142&amp;h=142&amp;zc=1&amp;q=100\" alt=\"\" width=\"142\" height=\"142\" \/><\/span><\/a><a class=\"fancy_image_load\" title=\"\" href=\"http:\/\/www.fotografosecuatorianos.com\/portafolios\/sebastiancrespo\/03.jpg\" rel=\"prettyPhoto[fancy_img_group_308]\"><span id=\"726_img_3\"><img loading=\"lazy\" decoding=\"async\" class=\"hover_fade_js\" title=\"\" src=\"http:\/\/www.fotografosecuatorianos.com\/wp-content\/themes\/persuasion\/lib\/scripts\/timthumb\/thumb.php?src=http:\/\/www.fotografosecuatorianos.com\/portafolios\/sebastiancrespo\/03.jpg&amp;w=142&amp;h=142&amp;zc=1&amp;q=100\" alt=\"\" width=\"142\" height=\"142\" \/><\/span><\/a><a class=\"fancy_image_load\" title=\"\" href=\"http:\/\/www.fotografosecuatorianos.com\/portafolios\/sebastiancrespo\/04.jpg\" rel=\"prettyPhoto[fancy_img_group_308]\"><span id=\"718_img_4\"><img loading=\"lazy\" decoding=\"async\" class=\"hover_fade_js\" title=\"\" src=\"http:\/\/www.fotografosecuatorianos.com\/wp-content\/themes\/persuasion\/lib\/scripts\/timthumb\/thumb.php?src=http:\/\/www.fotografosecuatorianos.com\/portafolios\/sebastiancrespo\/04.jpg&amp;w=142&amp;h=142&amp;zc=1&amp;q=100\" alt=\"\" width=\"142\" height=\"142\" \/><\/span><\/a><a class=\"fancy_image_load\" title=\"\" href=\"http:\/\/www.fotografosecuatorianos.com\/portafolios\/sebastiancrespo\/05.jpg\" rel=\"prettyPhoto[fancy_img_group_308]\"><span id=\"836_img_5\"><img loading=\"lazy\" decoding=\"async\" class=\"hover_fade_js\" title=\"\" src=\"http:\/\/www.fotografosecuatorianos.com\/wp-content\/themes\/persuasion\/lib\/scripts\/timthumb\/thumb.php?src=http:\/\/www.fotografosecuatorianos.com\/portafolios\/sebastiancrespo\/05.jpg&amp;w=142&amp;h=142&amp;zc=1&amp;q=100\" alt=\"\" width=\"142\" height=\"142\" \/><\/span><\/a><a class=\"fancy_image_load\" title=\"\" href=\"http:\/\/www.fotografosecuatorianos.com\/portafolios\/sebastiancrespo\/06.jpg\" rel=\"prettyPhoto[fancy_img_group_308]\"><span id=\"123_img_6\"><img loading=\"lazy\" decoding=\"async\" class=\"hover_fade_js\" title=\"\" src=\"http:\/\/www.fotografosecuatorianos.com\/wp-content\/themes\/persuasion\/lib\/scripts\/timthumb\/thumb.php?src=http:\/\/www.fotografosecuatorianos.com\/portafolios\/sebastiancrespo\/06.jpg&amp;w=142&amp;h=142&amp;zc=1&amp;q=100\" alt=\"\" width=\"142\" height=\"142\" \/><\/span><\/a><a class=\"fancy_image_load\" title=\"\" href=\"http:\/\/www.fotografosecuatorianos.com\/portafolios\/sebastiancrespo\/07.jpg\" rel=\"prettyPhoto[fancy_img_group_308]\"><span id=\"190_img_7\"><img loading=\"lazy\" decoding=\"async\" class=\"hover_fade_js\" title=\"\" src=\"http:\/\/www.fotografosecuatorianos.com\/wp-content\/themes\/persuasion\/lib\/scripts\/timthumb\/thumb.php?src=http:\/\/www.fotografosecuatorianos.com\/portafolios\/sebastiancrespo\/07.jpg&amp;w=142&amp;h=142&amp;zc=1&amp;q=100\" alt=\"\" width=\"142\" height=\"142\" \/><\/span><\/a><a class=\"fancy_image_load\" title=\"\" href=\"http:\/\/www.fotografosecuatorianos.com\/portafolios\/sebastiancrespo\/08.jpg\" rel=\"prettyPhoto[fancy_img_group_308]\"><span id=\"22_img_8\"><img loading=\"lazy\" decoding=\"async\" class=\"hover_fade_js\" title=\"\" src=\"http:\/\/www.fotografosecuatorianos.com\/wp-content\/themes\/persuasion\/lib\/scripts\/timthumb\/thumb.php?src=http:\/\/www.fotografosecuatorianos.com\/portafolios\/sebastiancrespo\/08.jpg&amp;w=142&amp;h=142&amp;zc=1&amp;q=100\" alt=\"\" width=\"142\" height=\"142\" \/><\/span><\/a><a class=\"fancy_image_load\" title=\"\" href=\"http:\/\/www.fotografosecuatorianos.com\/portafolios\/sebastiancrespo\/09.jpg\" rel=\"prettyPhoto[fancy_img_group_308]\"><span id=\"469_img_9\"><img loading=\"lazy\" decoding=\"async\" class=\"hover_fade_js\" title=\"\" src=\"http:\/\/www.fotografosecuatorianos.com\/wp-content\/themes\/persuasion\/lib\/scripts\/timthumb\/thumb.php?src=http:\/\/www.fotografosecuatorianos.com\/portafolios\/sebastiancrespo\/09.jpg&amp;w=142&amp;h=142&amp;zc=1&amp;q=100\" alt=\"\" width=\"142\" height=\"142\" \/><\/span><\/a><a class=\"fancy_image_load\" title=\"\" href=\"http:\/\/www.fotografosecuatorianos.com\/portafolios\/sebastiancrespo\/10.jpg\" rel=\"prettyPhoto[fancy_img_group_308]\"><span id=\"937_img_10\"><img loading=\"lazy\" decoding=\"async\" class=\"hover_fade_js\" title=\"\" src=\"http:\/\/www.fotografosecuatorianos.com\/wp-content\/themes\/persuasion\/lib\/scripts\/timthumb\/thumb.php?src=http:\/\/www.fotografosecuatorianos.com\/portafolios\/sebastiancrespo\/10.jpg&amp;w=142&amp;h=142&amp;zc=1&amp;q=100\" alt=\"\" width=\"142\" height=\"142\" \/><\/span><\/a><a class=\"fancy_image_load\" title=\"\" href=\"http:\/\/www.fotografosecuatorianos.com\/portafolios\/sebastiancrespo\/11.jpg\" rel=\"prettyPhoto[fancy_img_group_308]\"><span id=\"908_img_11\"><img loading=\"lazy\" decoding=\"async\" class=\"hover_fade_js\" title=\"\" src=\"http:\/\/www.fotografosecuatorianos.com\/wp-content\/themes\/persuasion\/lib\/scripts\/timthumb\/thumb.php?src=http:\/\/www.fotografosecuatorianos.com\/portafolios\/sebastiancrespo\/11.jpg&amp;w=142&amp;h=142&amp;zc=1&amp;q=100\" alt=\"\" width=\"142\" height=\"142\" \/><\/span><\/a><a class=\"fancy_image_load\" title=\"\" href=\"http:\/\/www.fotografosecuatorianos.com\/portafolios\/sebastiancrespo\/12.jpg\" rel=\"prettyPhoto[fancy_img_group_308]\"><span id=\"308_img_12\"><img loading=\"lazy\" decoding=\"async\" class=\"hover_fade_js\" title=\"\" src=\"http:\/\/www.fotografosecuatorianos.com\/wp-content\/themes\/persuasion\/lib\/scripts\/timthumb\/thumb.php?src=http:\/\/www.fotografosecuatorianos.com\/portafolios\/sebastiancrespo\/12.jpg&amp;w=142&amp;h=142&amp;zc=1&amp;q=100\" alt=\"\" width=\"142\" height=\"142\" \/><\/span><\/a><\/div>\n<\/div>\n","protected":false},"excerpt":{"rendered":"<p>Sebasti\u00e1n Crespo es un fot\u00f3grafo especializado en arquitectura y paisaje. Realiz\u00f3 sus estudios de fotograf\u00eda profesional en Barcelona-Espa\u00f1a. Desde el 2003 ha realizado varias exposiciones de su obra personal y sus im\u00e1genes han sido publicadas en un sinn\u00famero de libros y revistas nacionales e internacionales. Actualmente, combina su trabajo art\u00edstico con encargos editoriales, dividiendo su [&hellip;]<\/p>\n","protected":false},"author":10653,"featured_media":0,"comment_status":"open","ping_status":"open","sticky":false,"template":"","format":"standard","meta":{"footnotes":""},"categories":[1382809],"tags":[3129,1382810,312,3926,2589],"class_list":["post-119","post","type-post","status-publish","format-standard","hentry","category-biografias-de-fotografos-ecuatorianos","tag-fotografia","tag-fotografos-de-ecuador","tag-fotos","tag-paisajes","tag-tipos"],"_links":{"self":[{"href":"https:\/\/blog.espol.edu.ec\/marauzam\/wp-json\/wp\/v2\/posts\/119","targetHints":{"allow":["GET"]}}],"collection":[{"href":"https:\/\/blog.espol.edu.ec\/marauzam\/wp-json\/wp\/v2\/posts"}],"about":[{"href":"https:\/\/blog.espol.edu.ec\/marauzam\/wp-json\/wp\/v2\/types\/post"}],"author":[{"embeddable":true,"href":"https:\/\/blog.espol.edu.ec\/marauzam\/wp-json\/wp\/v2\/users\/10653"}],"replies":[{"embeddable":true,"href":"https:\/\/blog.espol.edu.ec\/marauzam\/wp-json\/wp\/v2\/comments?post=119"}],"version-history":[{"count":2,"href":"https:\/\/blog.espol.edu.ec\/marauzam\/wp-json\/wp\/v2\/posts\/119\/revisions"}],"predecessor-version":[{"id":121,"href":"https:\/\/blog.espol.edu.ec\/marauzam\/wp-json\/wp\/v2\/posts\/119\/revisions\/121"}],"wp:attachment":[{"href":"https:\/\/blog.espol.edu.ec\/marauzam\/wp-json\/wp\/v2\/media?parent=119"}],"wp:term":[{"taxonomy":"category","embeddable":true,"href":"https:\/\/blog.espol.edu.ec\/marauzam\/wp-json\/wp\/v2\/categories?post=119"},{"taxonomy":"post_tag","embeddable":true,"href":"https:\/\/blog.espol.edu.ec\/marauzam\/wp-json\/wp\/v2\/tags?post=119"}],"curies":[{"name":"wp","href":"https:\/\/api.w.org\/{rel}","templated":true}]}}