{"id":35,"date":"2014-09-20T20:28:56","date_gmt":"2014-09-21T01:28:56","guid":{"rendered":"http:\/\/blog.espol.edu.ec\/marcosmedina2014\/?p=35"},"modified":"2014-09-20T20:28:56","modified_gmt":"2014-09-21T01:28:56","slug":"ministerio-del-ambiente-de-ecuador-2010-cuarto-informe-nacional-para-el-convenio-sobre-la-diversidad-biologica-quito","status":"publish","type":"post","link":"https:\/\/blog.espol.edu.ec\/marcosmedina2014\/2014\/09\/20\/ministerio-del-ambiente-de-ecuador-2010-cuarto-informe-nacional-para-el-convenio-sobre-la-diversidad-biologica-quito\/","title":{"rendered":"Ministerio del Ambiente de Ecuador. 2010. Cuarto Informe Nacional para el Convenio sobre la Diversidad Biol\u00f3gica. Quito."},"content":{"rendered":"<p>El cuarto Informe Nacional para el Convenio sobre la Diversidad Biol\u00f3gica es resultado de un proceso de levantamiento de informaci\u00f3n que se inici\u00f3 en marzo de 2009, con motivo de la preparaci\u00f3n del 2\u00ba y<br \/>\n3\u00ba informes nacionales al CDB. Al momento de preparar aquellos dos informes se acord\u00f3 no limitar el trabajo a documentar lo que se hab\u00eda realizado, en el marco del Convenio de la Diversidad Biol\u00f3gica, antes de 2001 y de 2004 respectivamente, espacio temporal para cada uno de aquellos informes, sino incorporar en los dos documentos la informaci\u00f3n m\u00e1s actual disponible (incluido el a\u00f1o 2009). El presente reporte, por lo tanto, constituye de alguna manera una s\u00edntesis de parte de la informaci\u00f3n incorporada en aquellos dos informes a la CDB...<a href=\"http:\/\/blog.espol.edu.ec\/marcosmedina2014\/files\/2014\/09\/ECUADOR.pdf\">ECUADOR<\/a><\/p>\n","protected":false},"excerpt":{"rendered":"<p>El cuarto Informe Nacional para el Convenio sobre la Diversidad Biol\u00f3gica es resultado de un proceso de levantamiento de informaci\u00f3n que se inici\u00f3 en marzo de 2009, con motivo de la preparaci\u00f3n del 2\u00ba y 3\u00ba informes nacionales al CDB. Al momento de preparar aquellos dos informes se acord\u00f3 no limitar el trabajo a documentar [&hellip;]<\/p>\n","protected":false},"author":9265,"featured_media":0,"comment_status":"open","ping_status":"open","sticky":false,"template":"","format":"standard","meta":{"footnotes":""},"categories":[1235776],"tags":[],"class_list":["post-35","post","type-post","status-publish","format-standard","hentry","category-m-a-e"],"_links":{"self":[{"href":"https:\/\/blog.espol.edu.ec\/marcosmedina2014\/wp-json\/wp\/v2\/posts\/35","targetHints":{"allow":["GET"]}}],"collection":[{"href":"https:\/\/blog.espol.edu.ec\/marcosmedina2014\/wp-json\/wp\/v2\/posts"}],"about":[{"href":"https:\/\/blog.espol.edu.ec\/marcosmedina2014\/wp-json\/wp\/v2\/types\/post"}],"author":[{"embeddable":true,"href":"https:\/\/blog.espol.edu.ec\/marcosmedina2014\/wp-json\/wp\/v2\/users\/9265"}],"replies":[{"embeddable":true,"href":"https:\/\/blog.espol.edu.ec\/marcosmedina2014\/wp-json\/wp\/v2\/comments?post=35"}],"version-history":[{"count":1,"href":"https:\/\/blog.espol.edu.ec\/marcosmedina2014\/wp-json\/wp\/v2\/posts\/35\/revisions"}],"predecessor-version":[{"id":36,"href":"https:\/\/blog.espol.edu.ec\/marcosmedina2014\/wp-json\/wp\/v2\/posts\/35\/revisions\/36"}],"wp:attachment":[{"href":"https:\/\/blog.espol.edu.ec\/marcosmedina2014\/wp-json\/wp\/v2\/media?parent=35"}],"wp:term":[{"taxonomy":"category","embeddable":true,"href":"https:\/\/blog.espol.edu.ec\/marcosmedina2014\/wp-json\/wp\/v2\/categories?post=35"},{"taxonomy":"post_tag","embeddable":true,"href":"https:\/\/blog.espol.edu.ec\/marcosmedina2014\/wp-json\/wp\/v2\/tags?post=35"}],"curies":[{"name":"wp","href":"https:\/\/api.w.org\/{rel}","templated":true}]}}