{"id":73,"date":"2015-02-23T23:56:06","date_gmt":"2015-02-24T04:56:06","guid":{"rendered":"http:\/\/blog.espol.edu.ec\/marcosmedina2014\/?p=73"},"modified":"2015-02-23T23:56:06","modified_gmt":"2015-02-24T04:56:06","slug":"ministerio-del-ambiente-del-ecuador-2014-quinto-informe-nacional-para-el-convenio-sobre-la-diversidad-biologica-quito-ecuador","status":"publish","type":"post","link":"https:\/\/blog.espol.edu.ec\/marcosmedina2014\/2015\/02\/23\/ministerio-del-ambiente-del-ecuador-2014-quinto-informe-nacional-para-el-convenio-sobre-la-diversidad-biologica-quito-ecuador\/","title":{"rendered":"MINISTERIO DEL AMBIENTE DEL ECUADOR. 2014. Quinto Informe Nacional para el Convenio sobre la Diversidad Biol\u00f3gica. Quito, Ecuador."},"content":{"rendered":"<p><strong>RESUMEN EJECUTIVO.<\/strong><\/p>\n<p><em>\"Ecuador,<\/em> <em>como<\/em> <em>pa\u00eds<\/em> <em>andino,<\/em> <em>construye<\/em> <em>los<\/em> <em>derechos<\/em> <em>humanos,<\/em> <em>econ\u00f3micos,<\/em> <em>sociales,<\/em> <em>culturales<\/em> <em>y<\/em> <em>ambientales,<\/em> <em>sobre<\/em> <em>un<\/em> <em>concepto<\/em> <em>y<\/em> <em>visi\u00f3n<\/em> <em>del<\/em> <em>m<\/em><em>undo<\/em> <em>nacido<\/em> <em>en<\/em> <em>las<\/em> <em>antiguas<\/em> <em>sociedades<\/em> <em>de<\/em> <em>la<\/em> <em>r<\/em><em>egi\u00f3n<\/em> <em>de<\/em> <em>los<\/em> <em>A<\/em><em>ndes<\/em> <em>sudamericanos:<\/em> <em>el<\/em> <em>B<\/em><em>uen<\/em> <em>V<\/em><em>ivir<\/em> <em>es<\/em> <em>e<\/em><em>l<\/em> <em>S<\/em><em>umak<\/em> <em>K<\/em><em>awsay.<\/em> <em>E<\/em><em>sta<\/em> <em>idea<\/em> <em>social<\/em> <em>de<\/em> <em>solidaridad<\/em> <em>y<\/em> <em>r<\/em><em>edistribuci\u00f3n<\/em> <em>es<\/em> <em>una<\/em> <em>idea<\/em> <em>social<\/em> <em>m<\/em><em>ovilizadora,<\/em> <em>que<\/em> <em>va<\/em> <em>m<\/em><em>as<\/em> <em>all\u00e1<\/em> <em>del<\/em> <em>concepto<\/em> <em>de<\/em> <em>desarrollo<\/em> <em>\u2212<\/em><em>que<\/em> <em>se<\/em> <em>encuentra<\/em> <em>vigente<\/em> <em>en<\/em> <em>la<\/em> <em>tradici\u00f3n<\/em> <em>occidental\u2212,<\/em> <em>pues<\/em> <em>est\u00e1<\/em> <em>asociado<\/em> <em>a<\/em> <em>una<\/em> <em>noci\u00f3n<\/em> <em>m<\/em><em>\u00e1s<\/em> <em>amplia<\/em> <em>de<\/em> <em>progreso.<\/em> <em>No<\/em> <em>se<\/em> <em>trata<\/em> <em>de<\/em> <em>un<\/em> <em>nuevo<\/em> <em>paradigma<\/em> <em>de<\/em> <em>desarrollo,<\/em> <em>sino<\/em> <em>de<\/em> <em>una<\/em> <em>alternativa<\/em> <em>social,<\/em> <em>liberadora,<\/em> <em>que<\/em> <em>propone<\/em> <em>otras<\/em> <em>pr<\/em><em>ioridades<\/em> <em>para<\/em> <em>la<\/em> <em>organizaci\u00f3n<\/em> <em>social,<\/em> <em>diferentes<\/em> <em>del<\/em> <em>simple<\/em> <em>crecimiento<\/em> <em>econ\u00f3mico<\/em> <em>impl\u00edcito<\/em> <em>en<\/em> <em>el<\/em> <em>paradigma<\/em> <em>del<\/em> <em>desarrollo\"<\/em> (SENPLADES. 2013a. Plan Nacional para el Buen Vivir 2013-2017. Secretaria Nacional de Planificaci\u00f3n y Desarrollo - Senplades. Quito. 124 pp.).<\/p>\n<p><a href=\"http:\/\/blog.espol.edu.ec\/marcosmedina2014\/files\/2015\/02\/Quinto.pdf\">QUINTO INFORME NACIONAL PARA EL CONVENIO SOBRE LA DIVERSIDAD BIOL\u00d3GICA<\/a><\/p>\n","protected":false},"excerpt":{"rendered":"<p>RESUMEN EJECUTIVO. \"Ecuador, como pa\u00eds andino, construye los derechos humanos, econ\u00f3micos, sociales, culturales y ambientales, sobre un concepto y visi\u00f3n del mundo nacido en las antiguas sociedades de la regi\u00f3n de los Andes sudamericanos: el Buen Vivir es el Sumak Kawsay. Esta idea social de solidaridad y redistribuci\u00f3n es una idea social movilizadora, que va [&hellip;]<\/p>\n","protected":false},"author":9265,"featured_media":0,"comment_status":"open","ping_status":"open","sticky":false,"template":"","format":"standard","meta":{"footnotes":""},"categories":[1235776],"tags":[],"class_list":["post-73","post","type-post","status-publish","format-standard","hentry","category-m-a-e"],"_links":{"self":[{"href":"https:\/\/blog.espol.edu.ec\/marcosmedina2014\/wp-json\/wp\/v2\/posts\/73","targetHints":{"allow":["GET"]}}],"collection":[{"href":"https:\/\/blog.espol.edu.ec\/marcosmedina2014\/wp-json\/wp\/v2\/posts"}],"about":[{"href":"https:\/\/blog.espol.edu.ec\/marcosmedina2014\/wp-json\/wp\/v2\/types\/post"}],"author":[{"embeddable":true,"href":"https:\/\/blog.espol.edu.ec\/marcosmedina2014\/wp-json\/wp\/v2\/users\/9265"}],"replies":[{"embeddable":true,"href":"https:\/\/blog.espol.edu.ec\/marcosmedina2014\/wp-json\/wp\/v2\/comments?post=73"}],"version-history":[{"count":1,"href":"https:\/\/blog.espol.edu.ec\/marcosmedina2014\/wp-json\/wp\/v2\/posts\/73\/revisions"}],"predecessor-version":[{"id":75,"href":"https:\/\/blog.espol.edu.ec\/marcosmedina2014\/wp-json\/wp\/v2\/posts\/73\/revisions\/75"}],"wp:attachment":[{"href":"https:\/\/blog.espol.edu.ec\/marcosmedina2014\/wp-json\/wp\/v2\/media?parent=73"}],"wp:term":[{"taxonomy":"category","embeddable":true,"href":"https:\/\/blog.espol.edu.ec\/marcosmedina2014\/wp-json\/wp\/v2\/categories?post=73"},{"taxonomy":"post_tag","embeddable":true,"href":"https:\/\/blog.espol.edu.ec\/marcosmedina2014\/wp-json\/wp\/v2\/tags?post=73"}],"curies":[{"name":"wp","href":"https:\/\/api.w.org\/{rel}","templated":true}]}}