{"id":59,"date":"2010-08-05T16:17:44","date_gmt":"2010-08-05T21:17:44","guid":{"rendered":"http:\/\/blog.espol.edu.ec\/marfsanc\/?p=59"},"modified":"2010-08-05T16:17:44","modified_gmt":"2010-08-05T21:17:44","slug":"el-valor-de-la-amistad","status":"publish","type":"post","link":"https:\/\/blog.espol.edu.ec\/marfsanc\/2010\/08\/05\/el-valor-de-la-amistad\/","title":{"rendered":"El valor de la amistad"},"content":{"rendered":"<p>La amistad es un v\u00ednculo que nos proporciona la posibilidad de compartir experiencias, conocimientos e incluso medios econ\u00f3micos. Los lazos de amistad se potencia rec\u00edprocamente y\u00a0 no puede existir por separado. <strong>La realidad de la amistad es dual. <\/strong>Implica\u00a0 la existencia de al menos dos personas. La amistad necesita a un interlocutor para compartir, crecer mutuamente y descubrir (se) en \u00e9l sus\u00a0 valores y tambi\u00e9n sus deficiencias.<\/p>\n<p>El buen amigo no anula al otro sino que lo potencia, es su compa\u00f1ero y un facilitador de sus muchas posibilidades. Sufre cuando tu sufres y se alegra cuando tu te alegras. No es envidioso, ni prepotente ni se aprovecha de ti<\/p>\n<p>\u00a0 La amistad se basa en la mutua confianza, donde el objetivo es ayudar al otro consecuentemente as\u00ed mismo.<\/p>\n<p>\u00a0La amistad no se impone, ni se programa, como todo en la vida requiere de un esfuerzo para conseguirlo y lo m\u00e1s importante es poner los medios para lograrlo y mantenerlo.<\/p>\n<p>\u00a0 La amistad se muestra en los momentos felices: el nacimiento de un hijo, la celebraci\u00f3n de un ascenso laboral, la inauguraci\u00f3n de una casa. En otras ocasiones la amistad se concretiza en una llamada telef\u00f3nica para pedir un consejo o compartir un proyecto o intercambiar ideas pol\u00edticas, religiosas o de la propia existencia, o simplemente por esa sensaci\u00f3n que tenemos de que existe una persona, aunque sea a cientos de Km., a la que podemos recurrir solamente para hablar y saludarla.<\/p>\n<p><img loading=\"lazy\" decoding=\"async\" src=\"http:\/\/i.esmas.com\/image\/0\/000\/003\/038\/amistad_P.jpg\" alt=\"\" width=\"220\" height=\"200\" \/><\/p>\n","protected":false},"excerpt":{"rendered":"<p>La amistad es un v\u00ednculo que nos proporciona la posibilidad de compartir experiencias, conocimientos e incluso medios econ\u00f3micos. Los lazos de amistad se potencia rec\u00edprocamente y\u00a0 no puede existir por separado. La realidad de la amistad es dual. Implica\u00a0 la existencia de al menos dos personas. La amistad necesita a un interlocutor para compartir, crecer [&hellip;]<\/p>\n","protected":false},"author":4675,"featured_media":0,"comment_status":"open","ping_status":"open","sticky":false,"template":"","format":"standard","meta":{"footnotes":""},"categories":[1],"tags":[],"class_list":["post-59","post","type-post","status-publish","format-standard","hentry","category-uncategorized"],"_links":{"self":[{"href":"https:\/\/blog.espol.edu.ec\/marfsanc\/wp-json\/wp\/v2\/posts\/59","targetHints":{"allow":["GET"]}}],"collection":[{"href":"https:\/\/blog.espol.edu.ec\/marfsanc\/wp-json\/wp\/v2\/posts"}],"about":[{"href":"https:\/\/blog.espol.edu.ec\/marfsanc\/wp-json\/wp\/v2\/types\/post"}],"author":[{"embeddable":true,"href":"https:\/\/blog.espol.edu.ec\/marfsanc\/wp-json\/wp\/v2\/users\/4675"}],"replies":[{"embeddable":true,"href":"https:\/\/blog.espol.edu.ec\/marfsanc\/wp-json\/wp\/v2\/comments?post=59"}],"version-history":[{"count":2,"href":"https:\/\/blog.espol.edu.ec\/marfsanc\/wp-json\/wp\/v2\/posts\/59\/revisions"}],"predecessor-version":[{"id":61,"href":"https:\/\/blog.espol.edu.ec\/marfsanc\/wp-json\/wp\/v2\/posts\/59\/revisions\/61"}],"wp:attachment":[{"href":"https:\/\/blog.espol.edu.ec\/marfsanc\/wp-json\/wp\/v2\/media?parent=59"}],"wp:term":[{"taxonomy":"category","embeddable":true,"href":"https:\/\/blog.espol.edu.ec\/marfsanc\/wp-json\/wp\/v2\/categories?post=59"},{"taxonomy":"post_tag","embeddable":true,"href":"https:\/\/blog.espol.edu.ec\/marfsanc\/wp-json\/wp\/v2\/tags?post=59"}],"curies":[{"name":"wp","href":"https:\/\/api.w.org\/{rel}","templated":true}]}}