{"id":47,"date":"2015-05-20T16:53:29","date_gmt":"2015-05-20T16:53:29","guid":{"rendered":"http:\/\/blog.espol.edu.ec\/martinherrera\/?p=47"},"modified":"2015-05-20T16:53:29","modified_gmt":"2015-05-20T16:53:29","slug":"curiosidades-1-lucha-de-dos-grandes","status":"publish","type":"post","link":"https:\/\/blog.espol.edu.ec\/martinherrera\/2015\/05\/20\/curiosidades-1-lucha-de-dos-grandes\/","title":{"rendered":"Curiosidades #1. Lucha de dos grandes."},"content":{"rendered":"<p>Dos de los m\u00e1s grandes exponentes de la literatura latina se convirtieron de mejores amigos a enemigos a muerte por el coraz\u00f3n de una dama o \u00bfpor alguna otra raz\u00f3n que no conozcamos?. Averiguemoslo en esta primera parte de Curiosidades. Empecemos.<\/p>\n<p><em>Hace poco se public\u00f3 la edici\u00f3n conmemorativa de \u201cCien a\u00f1os de soledad\u201d, en la que se incluy\u00f3 la rese\u00f1a antigua de Mario Vargas Llosa sobre el famoso libro y algunos especularon sobre la posibilidad de una reconciliaci\u00f3n entre \u00e9ste y Gabriel Garc\u00eda M\u00e1rquez, pero no se dio.<\/em><\/p>\n<p><em>La pelea entre dos de los escritores m\u00e1s importantes de Latinoam\u00e9rica fue sorpresiva para todos. No s\u00f3lo la frontal con violencia f\u00edsica, sino la que sigui\u00f3 despu\u00e9s.<\/em><\/p>\n<p><em>Ha habido diversas versiones sobre los motivos de la pelea y c\u00f3mo se dio, incluidas las de otros escritores como Carlos Fuentes.<\/em><\/p>\n<p><em>Mi aportaci\u00f3n se basa de manera central en la narraci\u00f3n que me hizo Jos\u00e9 Luis Cuevas, testigo de los hechos muy cercano a ambos, pero m\u00e1s al Premio Nobel colombiano.<\/em><\/p>\n<p><em>Eran los mejores amigos, inclusive hab\u00edan estado viviendo juntos en Barcelona, Espa\u00f1a. Peruano uno y colombiano el otro, como todos saben, se guardaban admiraci\u00f3n y respeto mutuo al grado de que cuando Garc\u00eda M\u00e1rquez public\u00f3 su obra cumbre, \u201cCien a\u00f1os de soledad\u201d, Vargas Llosa dedic\u00f3 un libro igual de voluminoso, \u201cHistoria de un deicidio\u201d, exclusivamente para analizar el del colombiano.<\/em><\/p>\n<p><em><strong>Un adi\u00f3s en Barcelona.<\/strong><\/em><\/p>\n<p><em>Patricia se lamentaba de la m\u00e1s reciente aventura amorosa de Mario y se quej\u00f3 conGabo, como le dicen todos sus amigos al colombiano, que la visitaba en la residencia que el matrimonio Vargas Llosa ten\u00eda en Espa\u00f1a.<\/em><\/p>\n<p><em>Gabriel, medio en broma y medio en serio, le dijo a Patricia que la ayudaba a vengarse haci\u00e9ndose su amante. Hay quienes dicen que tal proposici\u00f3n era absolutamente en broma, producto de la misma naturaleza del escritor, y que Patricia no lo entendi\u00f3 as\u00ed, lo rechaz\u00f3 airada y se lo cont\u00f3 a su esposo. Otra versi\u00f3n dice quePatricia acept\u00f3 de inmediato la propuesta y Gabo, fuera cual fuera su intenci\u00f3n inicial, sucumbi\u00f3 a la tentaci\u00f3n e hizo suya a Patricia esa tarde.<\/em><\/p>\n<p><em>El caso es que la venganza de la esposa ofendida s\u00f3lo pod\u00eda ser completa si\u00a0enteraba al marido de su propio enga\u00f1o, y Patricia as\u00ed lo hizo; con el a\u00f1adido de que le restreg\u00f3 en la cara una frase que lo hiriera m\u00e1s: \"para que veas qui\u00e9nes son tus amigos, mientras t\u00fa andas qui\u00e9n sabe d\u00f3nde, ellos vienen a proponerme que me haga su amante...\"<\/em><\/p>\n<p><em>Gabriel y Mario no volvieron a encontrarse en Espa\u00f1a despu\u00e9s de que \u00e9ste se enter\u00f3 del incidente del primero con su esposa.<\/em><\/p>\n<p><em>El encuentro fue en la ciudad de M\u00e9xico. Se proyectaba un documental sobre lo sucedido a los sobrevivientes de los Andes, narrado por Vargas Llosa, en una peque\u00f1a sala ubicada en la avenida Oaxaca.<\/em><\/p>\n<p><em>Asistieron muchos amigos de los dos escritores y desde luego estos tambi\u00e9n.<\/em><\/p>\n<p><em>Gabo vio a Mario y abri\u00f3 los brazos para felicitarlo por su intervenci\u00f3n hablada en el documental, al tiempo que dec\u00eda \"Mario...\", cuando fue violentamente interrumpido por un derechazo de Vargas Llosa, que le reclamaba: \"\u00a1Traidor...\u00a1<\/em><\/p>\n<p><em>Garc\u00eda M\u00e1rquez cay\u00f3 al suelo con los brazos abiertos como Cristo crucificado, sin haber hecho el menor intento por defenderse tras la sorpresa del amigo que reacciona violentamente. A \u00e9ste, mientras tanto, lo sujetaron para que no fuera a continuar la golpiza y para evitar que pateara al tirado en el suelo.<\/em><\/p>\n<p><em>Al otro d\u00eda, el escritor colombiano nacido en 1928, Premio Nobel en 1982, se presentaba ante sus amigos con el ojo morado para que atestiguaran el estado en que lo hab\u00eda dejado su ex amigo Mario.<\/em><\/p>\n<p><em>Mercedes, la esposa de Gabriel, se ufanaba: \"Yo hice lo que ten\u00eda que hacer, puse a Mario en su lugar..\"; alguien le pregunt\u00f3, \u00bfQu\u00e9 hiciste? y ella respondi\u00f3 le grit\u00e9 \"macho peruano...\"<\/em><\/p>\n<div id=\"attachment_48\" style=\"width: 325px\" class=\"wp-caption aligncenter\"><a href=\"http:\/\/blog.espol.edu.ec\/martinherrera\/files\/2015\/05\/images.jpg\"><img loading=\"lazy\" decoding=\"async\" aria-describedby=\"caption-attachment-48\" class=\" wp-image-48\" src=\"http:\/\/blog.espol.edu.ec\/martinherrera\/files\/2015\/05\/images.jpg\" alt=\"A veces las plumas no son suficientes para resolver los problemas entre los escritores. Aqu\u00ed el resultado del pobre &quot;Gabo&quot;.\" width=\"325\" height=\"244\" \/><\/a><p id=\"caption-attachment-48\" class=\"wp-caption-text\">A veces las plumas no son suficientes para resolver los problemas entre los escritores. Aqu\u00ed el resultado del pobre \"Gabo\".<\/p><\/div>\n","protected":false},"excerpt":{"rendered":"<p>Dos de los m\u00e1s grandes exponentes de la literatura latina se convirtieron de mejores amigos a enemigos a muerte por el coraz\u00f3n de una dama o \u00bfpor alguna otra raz\u00f3n que no conozcamos?. Averiguemoslo en esta primera parte de Curiosidades. Empecemos. Hace poco se public\u00f3 la edici\u00f3n conmemorativa de \u201cCien a\u00f1os de soledad\u201d, en la &hellip; <\/p>\n<p><a class=\"more-link btn\" href=\"https:\/\/blog.espol.edu.ec\/martinherrera\/2015\/05\/20\/curiosidades-1-lucha-de-dos-grandes\/\">Seguir leyendo<\/a><\/p>\n","protected":false},"author":9595,"featured_media":0,"comment_status":"open","ping_status":"open","sticky":false,"template":"","format":"standard","meta":{"footnotes":""},"categories":[818],"tags":[],"class_list":["post-47","post","type-post","status-publish","format-standard","hentry","category-sin-categoria","item-wrap"],"_links":{"self":[{"href":"https:\/\/blog.espol.edu.ec\/martinherrera\/wp-json\/wp\/v2\/posts\/47","targetHints":{"allow":["GET"]}}],"collection":[{"href":"https:\/\/blog.espol.edu.ec\/martinherrera\/wp-json\/wp\/v2\/posts"}],"about":[{"href":"https:\/\/blog.espol.edu.ec\/martinherrera\/wp-json\/wp\/v2\/types\/post"}],"author":[{"embeddable":true,"href":"https:\/\/blog.espol.edu.ec\/martinherrera\/wp-json\/wp\/v2\/users\/9595"}],"replies":[{"embeddable":true,"href":"https:\/\/blog.espol.edu.ec\/martinherrera\/wp-json\/wp\/v2\/comments?post=47"}],"version-history":[{"count":1,"href":"https:\/\/blog.espol.edu.ec\/martinherrera\/wp-json\/wp\/v2\/posts\/47\/revisions"}],"predecessor-version":[{"id":49,"href":"https:\/\/blog.espol.edu.ec\/martinherrera\/wp-json\/wp\/v2\/posts\/47\/revisions\/49"}],"wp:attachment":[{"href":"https:\/\/blog.espol.edu.ec\/martinherrera\/wp-json\/wp\/v2\/media?parent=47"}],"wp:term":[{"taxonomy":"category","embeddable":true,"href":"https:\/\/blog.espol.edu.ec\/martinherrera\/wp-json\/wp\/v2\/categories?post=47"},{"taxonomy":"post_tag","embeddable":true,"href":"https:\/\/blog.espol.edu.ec\/martinherrera\/wp-json\/wp\/v2\/tags?post=47"}],"curies":[{"name":"wp","href":"https:\/\/api.w.org\/{rel}","templated":true}]}}