{"id":70,"date":"2015-05-31T01:14:55","date_gmt":"2015-05-31T01:14:55","guid":{"rendered":"http:\/\/blog.espol.edu.ec\/martinherrera\/?p=70"},"modified":"2015-05-31T01:14:55","modified_gmt":"2015-05-31T01:14:55","slug":"letras-de-mi-pais-medardo-angel-silva","status":"publish","type":"post","link":"https:\/\/blog.espol.edu.ec\/martinherrera\/2015\/05\/31\/letras-de-mi-pais-medardo-angel-silva\/","title":{"rendered":"Letras de mi pa\u00eds: Medardo Angel Silva."},"content":{"rendered":"<p>Si quisieramos hablar de un gran exponente literario proveniente de mi pa\u00eds deber\u00edamos comenzar con el joven guayaquile\u00f1o Medardo Angel Silva. Junto que con su gran nostalgia a la hora de escribir y su emotividad , f\u00f3rmo parte de la famosa Generaci\u00f3n Decapitada.<\/p>\n<p><em>Medardo \u00c1ngel Silva Rodas naci\u00f3 en Guayaquil el 8 de junio de 1898, hijo del Sr. Enrique Silva Valdez y de la Sra. Mariana Rodas Moreira, y muri\u00f3 de forma tr\u00e1gica el 10 de junio de 1919 en la misma ciudad, (dos d\u00edas despu\u00e9s de haber cumplido 21 a\u00f1os). Fue\u00a0Escritor, poeta, m\u00fasico y compositor, consider\u00e1ndose el mayor representante del modernismo en la poes\u00eda ecuatoriana, a pesar de no haberse casado, dej\u00f3 como descendencia a una \u00fanica hija de nombres Mercedes Cleof\u00e9 Silva Carri\u00f3n, quien a su vez tuvo dos, la Dra. Nancy Men\u00e9ndez Silva, radicada desde temprana edad en los Estados Unidos y el jurista Ren\u00e9 Col\u00f3n Quevedo Silva, este \u00faltimo fue homenajeado por la M. I. Municipalidad de Guayaquil, si\u00e9ndole entregada el primer ejemplar de la edici\u00f3n de Obras de Medardo \u00c1ngel Silva.<\/em><br \/>\n<em>Qued\u00f3 hu\u00e9rfano de padre a muy temprana edad y su madre, con la peque\u00f1a pensi\u00f3n que su esposo les hab\u00eda dejado, construy\u00f3 una modesta casa en la Avenida del Cementerio, actual calle Juan palo Arenas. De ni\u00f1o entr\u00f3 a estudiar en la escuela de la Filan tr\u00f3pica, cercana a su casa. Por esa \u00e9poca todas las tardes, descansando sobre una hamaca, contemplaba el interminable desfilar de los entierros rumbo al cementerio. De all\u00ed la fijaci\u00f3n que el poeta expresar\u00eda m\u00e1s tarde hacia la muerte. Tambi\u00e9n de ni\u00f1o le gustaba mucho la m\u00fasica, e incluso sol\u00eda practicar con frecuencia el piano en el convento de los padres agustinos.<\/em><br \/>\n<em>Por el a\u00f1o de 1910 ingres\u00f3 al colegio Vicente Rocafuerte, pero al cuarto a\u00f1o tuvo que abandonar sus estudios por falta de recursos. Entonces entr\u00f3 a trabajar en una imprenta local. Luego de abandonar el colegio, comenz\u00f3 a intentar publicar sus primeros poemas. Estos fueron rechazados al principio por los diarios m\u00e1s importantes de Quito y Guayaquil, pero poco a poco empezaron a aparecer publicados en peque\u00f1as revistas literarias que comenzaron a darle notoriedad.<\/em><br \/>\n<em>Aunque Silva no se gradu\u00f3 de bachiller, su condici\u00f3n de autodidacta lo llev\u00f3 a ser maestro escolar e incluso a leer en franc\u00e9s; as\u00ed se le facilit\u00f3 el contacto con la poes\u00eda de los simbolistas franceses (Paul Verlaine, Arthur Rimbaud, Charles Baudelaire), quienes llegaron a ser sus m\u00e1s grandes referentes. Las influencias en su poes\u00eda, adem\u00e1s, fueron el modernismo de Rub\u00e9n Dar\u00edo y el misticismo de Amado Nervo.<\/em><br \/>\n<em>Para 1915 sus poes\u00edas, que mostraban una marcada melancol\u00eda, eran ya aceptadas en todos los diarios del pa\u00eds; adem\u00e1s el joven adolescente entr\u00f3 a trabajar como editor en diario El Tel\u00e9grafo, el cual era en ese tiempo el peri\u00f3dico de mayor circulaci\u00f3n nacional. En las p\u00e1ginas de este diario es que logra publicar por entregas su peque\u00f1a novela, Mar\u00eda Jes\u00fas.<\/em><br \/>\n<em>En 1918 publica su primer y \u00fanico libro de poes\u00edas, El \u00e1rbol del bien y del mal. Del mismo s\u00f3lo imprime 100 copias, por falta de recursos. Aunque el libro recibi\u00f3 aclamaci\u00f3n por parte de los cr\u00edticos de su tiempo, las ventas no fueron nada buenas, llegando incluso Silva a incinerar gran parte de los ejemplares al ver que en una librer\u00eda no se hab\u00eda vendido ni uno.<\/em><br \/>\n<em>Sin embargo, la popularidad de Silva en el \u00e1mbito literario segu\u00eda creciendo. Mas entonces ocurri\u00f3 la tragedia.<\/em><br \/>\n<em>La muerte de Medardo \u00c1ngel Silva sigue siendo un misterio sin esclarecer: a los 21 a\u00f1os el joven poeta muri\u00f3 de un tiro en su cabeza por amor a su novia, Rosa Amada Villegas, porque lo hab\u00eda dejado, por lo que se declar\u00f3 que fue un suicidio. Tambi\u00e9n influy\u00f3 en esta creencia el contenido de los poemas de Silva, el cual incluso llam\u00f3 a la Muerte lalibertadora del horror de la vida.<\/em><br \/>\n<em>Pero posteriores an\u00e1lisis ponen en duda la teor\u00eda de que se habr\u00eda suicidado, ya que la bala entr\u00f3 por detr\u00e1s de su oreja. Sin embargo, nunca se investig\u00f3 m\u00e1s all\u00e1 y fue enterrado sin los ritos f\u00fanebres cat\u00f3licos, asumi\u00e9ndose que su muerte fue un suicidio y esto ha llevado a la construcci\u00f3n de un imaginario popular acerca de sus \u00faltimas horas, en \u00e9l se habla desde que habr\u00eda estado jugando con el arma y que su muerte fue un accidente, hasta que por una decepci\u00f3n amorosa habr\u00eda tomado esa tr\u00e1gica decisi\u00f3n.<\/em><\/p>\n<p><a href=\"http:\/\/blog.espol.edu.ec\/martinherrera\/files\/2015\/05\/Medardoangelsilva.jpg\"><img loading=\"lazy\" decoding=\"async\" class=\"  wp-image-71 aligncenter\" src=\"http:\/\/blog.espol.edu.ec\/martinherrera\/files\/2015\/05\/Medardoangelsilva.jpg\" alt=\"Medardoangelsilva\" width=\"193\" height=\"275\" \/><\/a>Gracias a todos por dedicarse un espacio a las letras ecuatorianas.<\/p>\n<p>No se vallan y sigan leyendo \ud83d\ude42<\/p>\n<p>&nbsp;<\/p>\n<p>&nbsp;<\/p>\n","protected":false},"excerpt":{"rendered":"<p>Si quisieramos hablar de un gran exponente literario proveniente de mi pa\u00eds deber\u00edamos comenzar con el joven guayaquile\u00f1o Medardo Angel Silva. Junto que con su gran nostalgia a la hora de escribir y su emotividad , f\u00f3rmo parte de la famosa Generaci\u00f3n Decapitada. Medardo \u00c1ngel Silva Rodas naci\u00f3 en Guayaquil el 8 de junio de &hellip; <\/p>\n<p><a class=\"more-link btn\" href=\"https:\/\/blog.espol.edu.ec\/martinherrera\/2015\/05\/31\/letras-de-mi-pais-medardo-angel-silva\/\">Seguir leyendo<\/a><\/p>\n","protected":false},"author":9595,"featured_media":0,"comment_status":"open","ping_status":"open","sticky":false,"template":"","format":"standard","meta":{"footnotes":""},"categories":[818],"tags":[],"class_list":["post-70","post","type-post","status-publish","format-standard","hentry","category-sin-categoria","item-wrap"],"_links":{"self":[{"href":"https:\/\/blog.espol.edu.ec\/martinherrera\/wp-json\/wp\/v2\/posts\/70","targetHints":{"allow":["GET"]}}],"collection":[{"href":"https:\/\/blog.espol.edu.ec\/martinherrera\/wp-json\/wp\/v2\/posts"}],"about":[{"href":"https:\/\/blog.espol.edu.ec\/martinherrera\/wp-json\/wp\/v2\/types\/post"}],"author":[{"embeddable":true,"href":"https:\/\/blog.espol.edu.ec\/martinherrera\/wp-json\/wp\/v2\/users\/9595"}],"replies":[{"embeddable":true,"href":"https:\/\/blog.espol.edu.ec\/martinherrera\/wp-json\/wp\/v2\/comments?post=70"}],"version-history":[{"count":1,"href":"https:\/\/blog.espol.edu.ec\/martinherrera\/wp-json\/wp\/v2\/posts\/70\/revisions"}],"predecessor-version":[{"id":72,"href":"https:\/\/blog.espol.edu.ec\/martinherrera\/wp-json\/wp\/v2\/posts\/70\/revisions\/72"}],"wp:attachment":[{"href":"https:\/\/blog.espol.edu.ec\/martinherrera\/wp-json\/wp\/v2\/media?parent=70"}],"wp:term":[{"taxonomy":"category","embeddable":true,"href":"https:\/\/blog.espol.edu.ec\/martinherrera\/wp-json\/wp\/v2\/categories?post=70"},{"taxonomy":"post_tag","embeddable":true,"href":"https:\/\/blog.espol.edu.ec\/martinherrera\/wp-json\/wp\/v2\/tags?post=70"}],"curies":[{"name":"wp","href":"https:\/\/api.w.org\/{rel}","templated":true}]}}