{"id":175,"date":"2010-08-05T21:36:59","date_gmt":"2010-08-05T21:36:59","guid":{"rendered":"http:\/\/blog.espol.edu.ec\/mayra7992\/?p=175"},"modified":"2010-08-23T21:46:53","modified_gmt":"2010-08-23T21:46:53","slug":"factores-de-la-amistad","status":"publish","type":"post","link":"https:\/\/blog.espol.edu.ec\/mayra7992\/2010\/08\/05\/factores-de-la-amistad\/","title":{"rendered":"FaCtOrEs De La AmIsTaD"},"content":{"rendered":"<pre style=\"text-align: center\"><span style=\"color: #333399\"><strong>Tres factores claves para la amistad: confianza, tiempo, respeto.<\/strong><\/span><\/pre>\n<address><span style=\"color: #ff6600\">\u00bfQu\u00e9 actitudes de los padres favorecen la comunicaci\u00f3n con sus hijos adolescentes?<\/p>\n<address><span style=\"color: #ff6600\"><img loading=\"lazy\" decoding=\"async\" class=\"alignright\" src=\"http:\/\/www.ciepsicologos.es\/img\/ph2.jpg\" alt=\"\" width=\"361\" height=\"229\" \/><\/span><\/address>\n<p>\u00a0<\/p>\n<p><\/span><\/address>\n<address><span style=\"color: #ff6600\">He aqu\u00ed algunas actitudes que pueden favorecer el desarrollo de un buen clima de comunicaci\u00f3n entre padres e hijos adolescentes:<\/span><\/address>\n<address><span style=\"color: #ff6600\">-Confiar en el hijo: fiarse de \u00e9l.<\/span><\/address>\n<address><span style=\"color: #ff6600\">-Explicarle por qu\u00e9 se le exigen o proh\u00edben ciertas cosas.<\/span><\/address>\n<address><span style=\"color: #ff6600\">-Escuchar atenta y pacientemente sus puntos de vista.<\/span><\/address>\n<address><span style=\"color: #ff6600\">-Permitirle que adopte decisiones personales y haga cosas por s\u00ed mismo.<\/span><\/address>\n<address><span style=\"color: #ff6600\">-Respetar su intimidad evitando intromisiones en su vida \u00edntima.<\/span><\/address>\n<address><span style=\"color: #ff6600\">-Estar dispuesto a aprender de los hijos:pedirles su opini\u00f3n, su consejo.<\/span><\/address>\n<address><span style=\"color: #ff6600\">-Tratarlos como personas mayores, no como a ni\u00f1os.Tomarles en serio.<\/span><\/address>\n<address><span style=\"color: #ff6600\">-Comprenderles:Ver las cosas desde su punto de vista, desde su edad y su situaci\u00f3n.<\/span><\/address>\n<address><span style=\"color: #ff6600\">-Ser pacientes:No esperar demasiados resultados a corto plazo.<\/span><\/address>\n<address><\/address>\n<address><\/address>\n<address><\/address>\n","protected":false},"excerpt":{"rendered":"<p>Tres factores claves para la amistad: confianza, tiempo, respeto. \u00bfQu\u00e9 actitudes de los padres favorecen la comunicaci\u00f3n con sus hijos adolescentes? \u00a0 He aqu\u00ed algunas actitudes que pueden favorecer el desarrollo de un buen clima de comunicaci\u00f3n entre padres e hijos adolescentes: -Confiar en el hijo: fiarse de \u00e9l. -Explicarle por qu\u00e9 se le exigen [&hellip;]<\/p>\n","protected":false},"author":4606,"featured_media":0,"comment_status":"open","ping_status":"open","sticky":false,"template":"","format":"standard","meta":{"footnotes":""},"categories":[1],"tags":[],"class_list":["post-175","post","type-post","status-publish","format-standard","hentry","category-uncategorized"],"_links":{"self":[{"href":"https:\/\/blog.espol.edu.ec\/mayra7992\/wp-json\/wp\/v2\/posts\/175","targetHints":{"allow":["GET"]}}],"collection":[{"href":"https:\/\/blog.espol.edu.ec\/mayra7992\/wp-json\/wp\/v2\/posts"}],"about":[{"href":"https:\/\/blog.espol.edu.ec\/mayra7992\/wp-json\/wp\/v2\/types\/post"}],"author":[{"embeddable":true,"href":"https:\/\/blog.espol.edu.ec\/mayra7992\/wp-json\/wp\/v2\/users\/4606"}],"replies":[{"embeddable":true,"href":"https:\/\/blog.espol.edu.ec\/mayra7992\/wp-json\/wp\/v2\/comments?post=175"}],"version-history":[{"count":10,"href":"https:\/\/blog.espol.edu.ec\/mayra7992\/wp-json\/wp\/v2\/posts\/175\/revisions"}],"predecessor-version":[{"id":187,"href":"https:\/\/blog.espol.edu.ec\/mayra7992\/wp-json\/wp\/v2\/posts\/175\/revisions\/187"}],"wp:attachment":[{"href":"https:\/\/blog.espol.edu.ec\/mayra7992\/wp-json\/wp\/v2\/media?parent=175"}],"wp:term":[{"taxonomy":"category","embeddable":true,"href":"https:\/\/blog.espol.edu.ec\/mayra7992\/wp-json\/wp\/v2\/categories?post=175"},{"taxonomy":"post_tag","embeddable":true,"href":"https:\/\/blog.espol.edu.ec\/mayra7992\/wp-json\/wp\/v2\/tags?post=175"}],"curies":[{"name":"wp","href":"https:\/\/api.w.org\/{rel}","templated":true}]}}