{"id":70,"date":"2013-05-31T01:41:49","date_gmt":"2013-05-31T01:41:49","guid":{"rendered":"http:\/\/blog.espol.edu.ec\/mcyerovi\/?p=70"},"modified":"2013-05-31T01:44:27","modified_gmt":"2013-05-31T01:44:27","slug":"70","status":"publish","type":"post","link":"https:\/\/blog.espol.edu.ec\/mcyerovi\/2013\/05\/31\/70\/","title":{"rendered":"Visita al Museo Nahim Isa\u00edas."},"content":{"rendered":"<h4>Aqu\u00ed les dejo unas fotos que tome a una Galer\u00eda en el Museo Nahim Isa\u00edas, de Pedro Caballero. Me llamaron la atenci\u00f3n y pues espero les guste. Y si se animan, pueden ir verla ustedes mismos.<\/h4>\n<p><a href=\"http:\/\/blog.espol.edu.ec\/mcyerovi\/files\/2013\/05\/2013-05-25-13.10.55.jpg\"><img loading=\"lazy\" decoding=\"async\" class=\"aligncenter size-medium wp-image-72\" src=\"http:\/\/blog.espol.edu.ec\/mcyerovi\/files\/2013\/05\/2013-05-25-13.10.55-300x225.jpg\" alt=\"\" width=\"300\" height=\"225\" srcset=\"https:\/\/blog.espol.edu.ec\/mcyerovi\/files\/2013\/05\/2013-05-25-13.10.55-300x225.jpg 300w, https:\/\/blog.espol.edu.ec\/mcyerovi\/files\/2013\/05\/2013-05-25-13.10.55-1024x768.jpg 1024w, https:\/\/blog.espol.edu.ec\/mcyerovi\/files\/2013\/05\/2013-05-25-13.10.55.jpg 2048w\" sizes=\"auto, (max-width: 300px) 100vw, 300px\" \/><\/a><a href=\"http:\/\/blog.espol.edu.ec\/mcyerovi\/files\/2013\/05\/2013-05-25-13.11.381.jpg\"><img loading=\"lazy\" decoding=\"async\" class=\"alignright size-medium wp-image-74\" src=\"http:\/\/blog.espol.edu.ec\/mcyerovi\/files\/2013\/05\/2013-05-25-13.11.381-300x225.jpg\" alt=\"\" width=\"300\" height=\"225\" srcset=\"https:\/\/blog.espol.edu.ec\/mcyerovi\/files\/2013\/05\/2013-05-25-13.11.381-300x225.jpg 300w, https:\/\/blog.espol.edu.ec\/mcyerovi\/files\/2013\/05\/2013-05-25-13.11.381-1024x768.jpg 1024w, https:\/\/blog.espol.edu.ec\/mcyerovi\/files\/2013\/05\/2013-05-25-13.11.381.jpg 2048w\" sizes=\"auto, (max-width: 300px) 100vw, 300px\" \/><\/a><a href=\"http:\/\/blog.espol.edu.ec\/mcyerovi\/files\/2013\/05\/2013-05-25-13.12.01.jpg\"><img loading=\"lazy\" decoding=\"async\" class=\"alignright size-medium wp-image-75\" src=\"http:\/\/blog.espol.edu.ec\/mcyerovi\/files\/2013\/05\/2013-05-25-13.12.01-300x225.jpg\" alt=\"\" width=\"300\" height=\"225\" srcset=\"https:\/\/blog.espol.edu.ec\/mcyerovi\/files\/2013\/05\/2013-05-25-13.12.01-300x225.jpg 300w, https:\/\/blog.espol.edu.ec\/mcyerovi\/files\/2013\/05\/2013-05-25-13.12.01-1024x768.jpg 1024w, https:\/\/blog.espol.edu.ec\/mcyerovi\/files\/2013\/05\/2013-05-25-13.12.01.jpg 2048w\" sizes=\"auto, (max-width: 300px) 100vw, 300px\" \/><\/a><br \/>\n<a href=\"http:\/\/blog.espol.edu.ec\/mcyerovi\/files\/2013\/05\/2013-05-25-13.10.49.jpg\"><img loading=\"lazy\" decoding=\"async\" class=\"aligncenter size-medium wp-image-71\" src=\"http:\/\/blog.espol.edu.ec\/mcyerovi\/files\/2013\/05\/2013-05-25-13.10.49-300x225.jpg\" alt=\"\" width=\"300\" height=\"225\" srcset=\"https:\/\/blog.espol.edu.ec\/mcyerovi\/files\/2013\/05\/2013-05-25-13.10.49-300x225.jpg 300w, https:\/\/blog.espol.edu.ec\/mcyerovi\/files\/2013\/05\/2013-05-25-13.10.49-1024x768.jpg 1024w, https:\/\/blog.espol.edu.ec\/mcyerovi\/files\/2013\/05\/2013-05-25-13.10.49.jpg 2048w\" sizes=\"auto, (max-width: 300px) 100vw, 300px\" \/><\/a><\/p>\n","protected":false},"excerpt":{"rendered":"<p>Aqu\u00ed les dejo unas fotos que tome a una Galer\u00eda en el Museo Nahim Isa\u00edas, de Pedro Caballero. Me llamaron la atenci\u00f3n y pues espero les guste. Y si se animan, pueden ir verla ustedes mismos.<\/p>\n","protected":false},"author":8473,"featured_media":0,"comment_status":"open","ping_status":"open","sticky":false,"template":"","format":"standard","meta":{"footnotes":""},"categories":[818],"tags":[],"class_list":["post-70","post","type-post","status-publish","format-standard","hentry","category-sin-categoria"],"_links":{"self":[{"href":"https:\/\/blog.espol.edu.ec\/mcyerovi\/wp-json\/wp\/v2\/posts\/70","targetHints":{"allow":["GET"]}}],"collection":[{"href":"https:\/\/blog.espol.edu.ec\/mcyerovi\/wp-json\/wp\/v2\/posts"}],"about":[{"href":"https:\/\/blog.espol.edu.ec\/mcyerovi\/wp-json\/wp\/v2\/types\/post"}],"author":[{"embeddable":true,"href":"https:\/\/blog.espol.edu.ec\/mcyerovi\/wp-json\/wp\/v2\/users\/8473"}],"replies":[{"embeddable":true,"href":"https:\/\/blog.espol.edu.ec\/mcyerovi\/wp-json\/wp\/v2\/comments?post=70"}],"version-history":[{"count":4,"href":"https:\/\/blog.espol.edu.ec\/mcyerovi\/wp-json\/wp\/v2\/posts\/70\/revisions"}],"predecessor-version":[{"id":79,"href":"https:\/\/blog.espol.edu.ec\/mcyerovi\/wp-json\/wp\/v2\/posts\/70\/revisions\/79"}],"wp:attachment":[{"href":"https:\/\/blog.espol.edu.ec\/mcyerovi\/wp-json\/wp\/v2\/media?parent=70"}],"wp:term":[{"taxonomy":"category","embeddable":true,"href":"https:\/\/blog.espol.edu.ec\/mcyerovi\/wp-json\/wp\/v2\/categories?post=70"},{"taxonomy":"post_tag","embeddable":true,"href":"https:\/\/blog.espol.edu.ec\/mcyerovi\/wp-json\/wp\/v2\/tags?post=70"}],"curies":[{"name":"wp","href":"https:\/\/api.w.org\/{rel}","templated":true}]}}