{"id":14,"date":"2009-06-09T14:03:20","date_gmt":"2009-06-09T19:03:20","guid":{"rendered":"http:\/\/blog.espol.edu.ec\/melucas\/?p=14"},"modified":"2009-06-09T14:33:51","modified_gmt":"2009-06-09T19:33:51","slug":"futbol-ecuatoriano","status":"publish","type":"post","link":"https:\/\/blog.espol.edu.ec\/melucas\/2009\/06\/09\/futbol-ecuatoriano\/","title":{"rendered":"Futbol Ecuatoriano"},"content":{"rendered":"<p><a class=\"txtTituloNoticia\">CARLOS TENORIO EST\u00c1 RECUPERADO Y SER\u00c1 TITULAR ANTE ARGENTINA<\/a><\/p>\n<p class=\"txtTextoNoticia\" align=\"justify\"><img loading=\"lazy\" decoding=\"async\" class=\"alignnone size-full wp-image-18\" src=\"http:\/\/blog.espol.edu.ec\/melucas\/files\/2009\/06\/ecuador-carlos-tenorio-200911.jpg\" alt=\"ecuador-carlos-tenorio-200911\" width=\"193\" height=\"251\" \/><\/p>\n<p class=\"txtTextoNoticia\" align=\"justify\">(Quito, junio 9).- El delantero de la selecci\u00f3n de Ecuador, Carlos Tenorio, se ha recuperado de manera satisfactoria y ser\u00e1 titular en el duelo de este mi\u00e9rcoles ante Argentina, por la fecha 14 de las Eliminatorias...<\/p>\n<p class=\"txtTextoNoticia\" align=\"justify\"><a class=\"txtTituloNoticia\">ARGENTINA LLEGA ESTA TARDE SIN MASCHERANO, NI AGUERO, MESSI EN DUDA<\/a><\/p>\n<p class=\"txtTextoNoticia\" align=\"justify\">\u00a0<\/p>\n<p class=\"txtTextoNoticia\" align=\"justify\">(Buenos Aires, junio 9).- Argentina no contar\u00e1 con Javier Mascherano por suspensi\u00f3n, mientras que por decisi\u00f3n del t\u00e9cnico Maradona no estar\u00e1n Lionel Messi, ni Gabriel Heinze, quienes tienen una tarjeta amarilla<\/p>\n<p><object width=\"560\" height=\"340\" data=\"http:\/\/www.youtube.com\/v\/pNmkrOf530I&amp;hl=en&amp;fs=1&amp;\" type=\"application\/x-shockwave-flash\"><param name=\"allowFullScreen\" value=\"true\" \/><param name=\"allowscriptaccess\" value=\"always\" \/><param name=\"src\" value=\"http:\/\/www.youtube.com\/v\/pNmkrOf530I&amp;hl=en&amp;fs=1&amp;\" \/><param name=\"allowfullscreen\" value=\"true\" \/><\/object><\/p>\n","protected":false},"excerpt":{"rendered":"<p>CARLOS TENORIO EST\u00c1 RECUPERADO Y SER\u00c1 TITULAR ANTE ARGENTINA (Quito, junio 9).- El delantero de la selecci\u00f3n de Ecuador, Carlos Tenorio, se ha recuperado de manera satisfactoria y ser\u00e1 titular en el duelo de este mi\u00e9rcoles ante Argentina, por la fecha 14 de las Eliminatorias... ARGENTINA LLEGA ESTA TARDE SIN MASCHERANO, NI AGUERO, MESSI EN [&hellip;]<\/p>\n","protected":false},"author":1911,"featured_media":0,"comment_status":"open","ping_status":"open","sticky":false,"template":"","format":"standard","meta":{"footnotes":""},"categories":[1],"tags":[2931,7424,7423],"class_list":["post-14","post","type-post","status-publish","format-standard","hentry","category-uncategorized","tag-carlos-tenorio","tag-mascherano","tag-messi"],"_links":{"self":[{"href":"https:\/\/blog.espol.edu.ec\/melucas\/wp-json\/wp\/v2\/posts\/14","targetHints":{"allow":["GET"]}}],"collection":[{"href":"https:\/\/blog.espol.edu.ec\/melucas\/wp-json\/wp\/v2\/posts"}],"about":[{"href":"https:\/\/blog.espol.edu.ec\/melucas\/wp-json\/wp\/v2\/types\/post"}],"author":[{"embeddable":true,"href":"https:\/\/blog.espol.edu.ec\/melucas\/wp-json\/wp\/v2\/users\/1911"}],"replies":[{"embeddable":true,"href":"https:\/\/blog.espol.edu.ec\/melucas\/wp-json\/wp\/v2\/comments?post=14"}],"version-history":[{"count":3,"href":"https:\/\/blog.espol.edu.ec\/melucas\/wp-json\/wp\/v2\/posts\/14\/revisions"}],"predecessor-version":[{"id":16,"href":"https:\/\/blog.espol.edu.ec\/melucas\/wp-json\/wp\/v2\/posts\/14\/revisions\/16"}],"wp:attachment":[{"href":"https:\/\/blog.espol.edu.ec\/melucas\/wp-json\/wp\/v2\/media?parent=14"}],"wp:term":[{"taxonomy":"category","embeddable":true,"href":"https:\/\/blog.espol.edu.ec\/melucas\/wp-json\/wp\/v2\/categories?post=14"},{"taxonomy":"post_tag","embeddable":true,"href":"https:\/\/blog.espol.edu.ec\/melucas\/wp-json\/wp\/v2\/tags?post=14"}],"curies":[{"name":"wp","href":"https:\/\/api.w.org\/{rel}","templated":true}]}}