{"id":15,"date":"2011-09-07T13:32:03","date_gmt":"2011-09-07T18:32:03","guid":{"rendered":"http:\/\/blog.espol.edu.ec\/memoriasdelequipaje\/2011\/09\/07\/ecuador-ama-la-vida-2\/"},"modified":"2011-09-07T21:18:34","modified_gmt":"2011-09-08T02:18:34","slug":"ecuador-ama-la-vida-2","status":"publish","type":"post","link":"https:\/\/blog.espol.edu.ec\/memoriasdelequipaje\/2011\/09\/07\/ecuador-ama-la-vida-2\/","title":{"rendered":"Ecuador - Ama la vida"},"content":{"rendered":"<p><iframe class='youtube-player youtuber' type='text\/html' width='425' height='355' src='http:\/\/www.youtube.com\/embed\/1GhKnDe3A_8?rel=0&amp;fs=1' webkitAllowFullScreen mozallowfullscreen allowFullScreen frameborder='0'><\/iframe><\/p>\n","protected":false},"excerpt":{"rendered":"<p>Ama la vida, slogan actual de promoci\u00f3n tur\u00edstica del pa\u00eds.<\/p>\n","protected":false},"author":6784,"featured_media":0,"comment_status":"open","ping_status":"open","sticky":false,"template":"","format":"standard","meta":{"footnotes":""},"categories":[130],"tags":[],"class_list":["post-15","post","type-post","status-publish","format-standard","hentry","category-videos"],"_links":{"self":[{"href":"https:\/\/blog.espol.edu.ec\/memoriasdelequipaje\/wp-json\/wp\/v2\/posts\/15","targetHints":{"allow":["GET"]}}],"collection":[{"href":"https:\/\/blog.espol.edu.ec\/memoriasdelequipaje\/wp-json\/wp\/v2\/posts"}],"about":[{"href":"https:\/\/blog.espol.edu.ec\/memoriasdelequipaje\/wp-json\/wp\/v2\/types\/post"}],"author":[{"embeddable":true,"href":"https:\/\/blog.espol.edu.ec\/memoriasdelequipaje\/wp-json\/wp\/v2\/users\/6784"}],"replies":[{"embeddable":true,"href":"https:\/\/blog.espol.edu.ec\/memoriasdelequipaje\/wp-json\/wp\/v2\/comments?post=15"}],"version-history":[{"count":3,"href":"https:\/\/blog.espol.edu.ec\/memoriasdelequipaje\/wp-json\/wp\/v2\/posts\/15\/revisions"}],"predecessor-version":[{"id":62,"href":"https:\/\/blog.espol.edu.ec\/memoriasdelequipaje\/wp-json\/wp\/v2\/posts\/15\/revisions\/62"}],"wp:attachment":[{"href":"https:\/\/blog.espol.edu.ec\/memoriasdelequipaje\/wp-json\/wp\/v2\/media?parent=15"}],"wp:term":[{"taxonomy":"category","embeddable":true,"href":"https:\/\/blog.espol.edu.ec\/memoriasdelequipaje\/wp-json\/wp\/v2\/categories?post=15"},{"taxonomy":"post_tag","embeddable":true,"href":"https:\/\/blog.espol.edu.ec\/memoriasdelequipaje\/wp-json\/wp\/v2\/tags?post=15"}],"curies":[{"name":"wp","href":"https:\/\/api.w.org\/{rel}","templated":true}]}}