{"id":21,"date":"2010-02-05T18:24:40","date_gmt":"2010-02-05T23:24:40","guid":{"rendered":"http:\/\/blog.espol.edu.ec\/mgalvezencalada\/?p=21"},"modified":"2010-02-05T18:24:40","modified_gmt":"2010-02-05T23:24:40","slug":"en-2010-el-carnaval-sera-de-amor-y-paz","status":"publish","type":"post","link":"https:\/\/blog.espol.edu.ec\/mgalvezencalada\/2010\/02\/05\/en-2010-el-carnaval-sera-de-amor-y-paz\/","title":{"rendered":"En 2010, el carnaval ser\u00e1 de Amor y Paz"},"content":{"rendered":"<p>Con un espect\u00e1culo art\u00edstico, danza folcl\u00f3rica y la presentaci\u00f3n de cantantes y grupos de tecnocumbia se lanz\u00f3 ayer el Carnaval 2010 con el lema de Amor y Paz, pues coincidir\u00e1 con el D\u00eda de San Valent\u00edn.<\/p>\n<p>En el parque acu\u00e1tico Viernes Santo, decenas de personas disfrutaron del show musical, participaron en concursos y ganaron camisetas, calendarios y discos. Mientras, al menos un centenar de ni\u00f1os jugaba en los toboganes y piscinas.<\/p>\n<p>\u201cEn el 2010 vamos a unificar dos fiestas tradicionales del pa\u00eds, del D\u00eda del Amor y la Amistad y el carnaval, y vamos a darle m\u00e1s fuerza al carnaval infantil. Esta ha sido una tercera experiencia muy positiva y sin desmanes\u201d, anunci\u00f3\u00a0 Larry Yumibanda, concejal de la ciudad y\u00a0 presidente de la Comisi\u00f3n de Desarrollo Tur\u00edstico y Econ\u00f3mico de la Municipalidad de Guayaquil.<\/p>\n<p>En el festival de lanzamiento del pr\u00f3ximo carnaval participaron grupos de danza guayaquile\u00f1a, y cantantes como la ni\u00f1a rockolera Bachi y Las Reinas de la Tecnocumbia.<\/p>\n<p><span style=\"font-weight: bold\">Se duplic\u00f3 asistencia<\/span><br \/>\nLa docena de festejos que comprendi\u00f3 el programa del carnaval de este a\u00f1o aglutin\u00f3 a unas 400 mil personas, seg\u00fan la evaluaci\u00f3n del Municipio de la ciudad.\u00a0 En el 2008, la cantidad de asistentes alcanz\u00f3 los 200 mil, y en el 2007 unos 70 mil.<\/p>\n<p>Entre los actos m\u00e1s novedosos de este a\u00f1o estuvieron la elecci\u00f3n del Rey del Carnaval Infantil y su correspondiente desfile en traje t\u00edpico.<\/p>\n<p>No obstante, algunos ciudadanos pidieron que el pr\u00f3ximo a\u00f1o los festejos se inicien desde enero y que no se concentren en los cuatro d\u00edas del feriado. \u201cQue haya m\u00e1s actividades para los ni\u00f1os, ellos son los que m\u00e1s disfrutan de la fiesta\u201d, dijo Juan Carlos Vaca, de 35 a\u00f1os.<\/p>\n<form id=\"vozme_form_a24ac4559f81491f331ab5215c3cdfde\" method=\"post\" name=\"vozme_form_a24ac4559f81491f331ab5215c3cdfde\" target=\"a24ac4559f81491f331ab5215c3cdfde\" action=\"http:\/\/vozme.com\/text2voice.php\"><input name=\"text\" type=\"hidden\" value=\"En 2010, el carnaval ser\u00e1 de Amor y Paz. Con un espect\u00e1culo art\u00edstico, danza folcl\u00f3rica y la presentaci\u00f3n de cantantes y grupos de tecnocumbia se lanz\u00f3 ayer el Carnaval 2010 con el lema de Amor y Paz, pues coincidir\u00e1 con el D\u00eda de San Valent\u00edn.\nEn el parque acu\u00e1tico Viernes Santo, decenas de personas disfrutaron del show musical, participaron en concursos y ganaron camisetas, calendarios y discos. Mientras, al menos un centenar de ni\u00f1os jugaba en los toboganes y piscinas.\n\u201cEn el 2010 vamos a unificar dos fiestas tradicionales del pa\u00eds, del D\u00eda del Amor y la Amistad y el carnaval, y vamos a darle m\u00e1s fuerza al carnaval infantil. Esta ha sido una tercera experiencia muy positiva y sin desmanes\u201d, anunci\u00f3\u00a0 Larry Yumibanda, concejal de la ciudad y\u00a0 presidente de la Comisi\u00f3n de Desarrollo Tur\u00edstico y Econ\u00f3mico de la Municipalidad de Guayaquil.\nEn el festival de lanzamiento del pr\u00f3ximo carnaval participaron grupos de danza guayaquile\u00f1a, y cantantes como la ni\u00f1a rockolera Bachi y Las Reinas de la Tecnocumbia.\nSe duplic\u00f3 asistencia\nLa docena de festejos que comprendi\u00f3 el programa del carnaval de este a\u00f1o aglutin\u00f3 a unas 400 mil personas, seg\u00fan la evaluaci\u00f3n del Municipio de la ciudad.\u00a0 En el 2008, la cantidad de asistentes alcanz\u00f3 los 200 mil, y en el 2007 unos 70 mil.\nEntre los actos m\u00e1s novedosos de este a\u00f1o estuvieron la elecci\u00f3n del Rey del Carnaval Infantil y su correspondiente desfile en traje t\u00edpico.\nNo obstante, algunos ciudadanos pidieron que el pr\u00f3ximo a\u00f1o los festejos se inicien desde enero y que no se concentren en los cuatro d\u00edas del feriado. \u201cQue haya m\u00e1s actividades para los ni\u00f1os, ellos son los que m\u00e1s disfrutan de la fiesta\u201d, dijo Juan Carlos Vaca, de 35 a\u00f1os.\n\" \/><input name=\"lang\" type=\"hidden\" value=\"en\" \/><input name=\"gn\" type=\"hidden\" value=\"ml\" \/><input type=\"hidden\" id=\"interface\" name=\"interface\" value=\"full\" \/>\n\t\t\t<div style=\"margin-left:40%;\">\n\t\t\t\n\t\t\t\t<input style=\"float:left;\" type=\"image\" width=\"40\" height=\"40\" src=\"http:\/\/blog.espol.edu.ec\/mgalvezencalada\/wp-content\/plugins\/vozme\/img\/megaphone40x40w.gif\" alt=\"Hear this post\" onclick=\"window.open('', 'a24ac4559f81491f331ab5215c3cdfde', 'width=600,height=370,scrollbars=yes,location=yes,menubar=yes,resizable=yes,status=yes,toolbar=yes');\">\n\t\t\t\t<div style=\"margin-left:48px; text-align:left;\"><a style=\"font-size:12px;\" href=\"javascript:void(0);\" onclick=\"window.open('', 'a24ac4559f81491f331ab5215c3cdfde', 'width=600,height=370,scrollbars=yes,location=yes,menubar=yes,resizable=yes,status=yes,toolbar=yes'); document.getElementById('vozme_form_a24ac4559f81491f331ab5215c3cdfde').submit();\">Hear<br\/>this post<\/a><\/div>\n\t\t\t<\/div><\/form>","protected":false},"excerpt":{"rendered":"<p>Con un espect\u00e1culo art\u00edstico, danza folcl\u00f3rica y la presentaci\u00f3n de cantantes y grupos de tecnocumbia se lanz\u00f3 ayer el Carnaval 2010 con el lema de Amor y Paz, pues coincidir\u00e1 con el D\u00eda de San Valent\u00edn. En el parque acu\u00e1tico Viernes Santo, decenas de personas disfrutaron del show musical, participaron en concursos y ganaron camisetas, [&hellip;]<\/p>\n","protected":false},"author":3397,"featured_media":0,"comment_status":"open","ping_status":"open","sticky":false,"template":"","format":"standard","meta":{"footnotes":""},"categories":[1],"tags":[],"class_list":["post-21","post","type-post","status-publish","format-standard","hentry","category-uncategorized"],"aioseo_notices":[],"_links":{"self":[{"href":"https:\/\/blog.espol.edu.ec\/mgalvezencalada\/wp-json\/wp\/v2\/posts\/21","targetHints":{"allow":["GET"]}}],"collection":[{"href":"https:\/\/blog.espol.edu.ec\/mgalvezencalada\/wp-json\/wp\/v2\/posts"}],"about":[{"href":"https:\/\/blog.espol.edu.ec\/mgalvezencalada\/wp-json\/wp\/v2\/types\/post"}],"author":[{"embeddable":true,"href":"https:\/\/blog.espol.edu.ec\/mgalvezencalada\/wp-json\/wp\/v2\/users\/3397"}],"replies":[{"embeddable":true,"href":"https:\/\/blog.espol.edu.ec\/mgalvezencalada\/wp-json\/wp\/v2\/comments?post=21"}],"version-history":[{"count":1,"href":"https:\/\/blog.espol.edu.ec\/mgalvezencalada\/wp-json\/wp\/v2\/posts\/21\/revisions"}],"predecessor-version":[{"id":22,"href":"https:\/\/blog.espol.edu.ec\/mgalvezencalada\/wp-json\/wp\/v2\/posts\/21\/revisions\/22"}],"wp:attachment":[{"href":"https:\/\/blog.espol.edu.ec\/mgalvezencalada\/wp-json\/wp\/v2\/media?parent=21"}],"wp:term":[{"taxonomy":"category","embeddable":true,"href":"https:\/\/blog.espol.edu.ec\/mgalvezencalada\/wp-json\/wp\/v2\/categories?post=21"},{"taxonomy":"post_tag","embeddable":true,"href":"https:\/\/blog.espol.edu.ec\/mgalvezencalada\/wp-json\/wp\/v2\/tags?post=21"}],"curies":[{"name":"wp","href":"https:\/\/api.w.org\/{rel}","templated":true}]}}