{"id":27,"date":"2015-07-01T06:28:32","date_gmt":"2015-07-01T06:28:32","guid":{"rendered":"http:\/\/blog.espol.edu.ec\/montoyeitor\/?p=27"},"modified":"2015-07-01T06:28:32","modified_gmt":"2015-07-01T06:28:32","slug":"cafe-robusto","status":"publish","type":"post","link":"https:\/\/blog.espol.edu.ec\/montoyeitor\/2015\/07\/01\/cafe-robusto\/","title":{"rendered":"Caf\u00e9 Robusto."},"content":{"rendered":"<p>Este tipo de grano de caf\u00e9 , conocido igualmente como el \"Caf\u00e9 Can\u00e9phora\", \u00a0tiene cierta similitud a la mata de cafeto derivada al caf\u00e9 ar\u00e1bigo, con la m\u00ednima diferencia que el caf\u00e9 ar\u00e1bigo posee en sus semillas, sin procesar, un color rojo claro; En cambio, la Can\u00e9phora es de una tonalidad un poco m\u00e1s obscura<\/p>\n<p style=\"text-align: center\">.\u00a0<a href=\"http:\/\/blog.espol.edu.ec\/montoyeitor\/files\/2015\/07\/cae-robusto.jpg\"><img loading=\"lazy\" decoding=\"async\" class=\"alignnone size-full wp-image-28\" src=\"http:\/\/blog.espol.edu.ec\/montoyeitor\/files\/2015\/07\/cae-robusto.jpg\" alt=\"cae robusto\" width=\"225\" height=\"225\" srcset=\"https:\/\/blog.espol.edu.ec\/montoyeitor\/files\/2015\/07\/cae-robusto.jpg 225w, https:\/\/blog.espol.edu.ec\/montoyeitor\/files\/2015\/07\/cae-robusto-150x150.jpg 150w, https:\/\/blog.espol.edu.ec\/montoyeitor\/files\/2015\/07\/cae-robusto-50x50.jpg 50w\" sizes=\"auto, (max-width: 225px) 100vw, 225px\" \/><\/a><\/p>\n<p style=\"text-align: center\">\n<p style=\"text-align: left\">Con respecto a la descripci\u00f3n y su sabor , es muy distinto en comparaci\u00f3n a otro tipo de caf\u00e9 que se encuentran en venta.<\/p>\n<p style=\"text-align: left\">- Su color es mas obscuro sin tonalidad de marr\u00f3n claro<\/p>\n<p style=\"text-align: left\">- Su sabor es m\u00e1s amargo y con mayor cantidad de cafe\u00edna dentro.<\/p>\n<p style=\"text-align: center\">\n<form id=\"vozme_form_cf8e2cd2894c9b7b34f958c387243faa\" method=\"post\" name=\"vozme_form_cf8e2cd2894c9b7b34f958c387243faa\" target=\"cf8e2cd2894c9b7b34f958c387243faa\" action=\"http:\/\/vozme.com\/text2voice.php\"><input name=\"text\" type=\"hidden\" value=\"Caf\u00e9 Robusto.. Este tipo de grano de caf\u00e9 , conocido igualmente como el &quot;Caf\u00e9 Can\u00e9phora&quot;, \u00a0tiene cierta similitud a la mata de cafeto derivada al caf\u00e9 ar\u00e1bigo, con la m\u00ednima diferencia que el caf\u00e9 ar\u00e1bigo posee en sus semillas, sin procesar, un color rojo claro; En cambio, la Can\u00e9phora es de una tonalidad un poco m\u00e1s obscura\n.\u00a0\n\nCon respecto a la descripci\u00f3n y su sabor , es muy distinto en comparaci\u00f3n a otro tipo de caf\u00e9 que se encuentran en venta.\n- Su color es mas obscuro sin tonalidad de marr\u00f3n claro\n- Su sabor es m\u00e1s amargo y con mayor cantidad de cafe\u00edna dentro.\n\n\" \/><input name=\"lang\" type=\"hidden\" value=\"en\" \/><input name=\"gn\" type=\"hidden\" value=\"ml\" \/><input type=\"hidden\" id=\"interface\" name=\"interface\" value=\"full\" \/>\n\t\t\t<div style=\"margin-left:40%;\">\n\t\t\t\n\t\t\t\t<input style=\"float:left;\" type=\"image\" width=\"40\" height=\"40\" src=\"http:\/\/blog.espol.edu.ec\/montoyeitor\/wp-content\/plugins\/vozme\/img\/megaphone40x40w.gif\" alt=\"Hear this post\" onclick=\"window.open('', 'cf8e2cd2894c9b7b34f958c387243faa', 'width=600,height=370,scrollbars=yes,location=yes,menubar=yes,resizable=yes,status=yes,toolbar=yes');\">\n\t\t\t\t<div style=\"margin-left:48px; text-align:left;\"><a style=\"font-size:12px;\" href=\"javascript:void(0);\" onclick=\"window.open('', 'cf8e2cd2894c9b7b34f958c387243faa', 'width=600,height=370,scrollbars=yes,location=yes,menubar=yes,resizable=yes,status=yes,toolbar=yes'); document.getElementById('vozme_form_cf8e2cd2894c9b7b34f958c387243faa').submit();\">Hear<br\/>this post<\/a><\/div>\n\t\t\t<\/div><\/form>","protected":false},"excerpt":{"rendered":"<p>Este tipo de grano de caf\u00e9 , conocido igualmente como el \"Caf\u00e9 Can\u00e9phora\", \u00a0tiene cierta similitud a la mata de cafeto derivada al caf\u00e9 ar\u00e1bigo, con la m\u00ednima diferencia que el caf\u00e9 ar\u00e1bigo posee en sus semillas, sin procesar, un color rojo claro; En cambio, la Can\u00e9phora es de una tonalidad un poco m\u00e1s obscura [&hellip;]<\/p>\n","protected":false},"author":9698,"featured_media":0,"comment_status":"open","ping_status":"open","sticky":false,"template":"","format":"standard","meta":{"footnotes":""},"categories":[1280142],"tags":[],"class_list":["post-27","post","type-post","status-publish","format-standard","hentry","category-arbusto-o-arabigo"],"_links":{"self":[{"href":"https:\/\/blog.espol.edu.ec\/montoyeitor\/wp-json\/wp\/v2\/posts\/27","targetHints":{"allow":["GET"]}}],"collection":[{"href":"https:\/\/blog.espol.edu.ec\/montoyeitor\/wp-json\/wp\/v2\/posts"}],"about":[{"href":"https:\/\/blog.espol.edu.ec\/montoyeitor\/wp-json\/wp\/v2\/types\/post"}],"author":[{"embeddable":true,"href":"https:\/\/blog.espol.edu.ec\/montoyeitor\/wp-json\/wp\/v2\/users\/9698"}],"replies":[{"embeddable":true,"href":"https:\/\/blog.espol.edu.ec\/montoyeitor\/wp-json\/wp\/v2\/comments?post=27"}],"version-history":[{"count":1,"href":"https:\/\/blog.espol.edu.ec\/montoyeitor\/wp-json\/wp\/v2\/posts\/27\/revisions"}],"predecessor-version":[{"id":29,"href":"https:\/\/blog.espol.edu.ec\/montoyeitor\/wp-json\/wp\/v2\/posts\/27\/revisions\/29"}],"wp:attachment":[{"href":"https:\/\/blog.espol.edu.ec\/montoyeitor\/wp-json\/wp\/v2\/media?parent=27"}],"wp:term":[{"taxonomy":"category","embeddable":true,"href":"https:\/\/blog.espol.edu.ec\/montoyeitor\/wp-json\/wp\/v2\/categories?post=27"},{"taxonomy":"post_tag","embeddable":true,"href":"https:\/\/blog.espol.edu.ec\/montoyeitor\/wp-json\/wp\/v2\/tags?post=27"}],"curies":[{"name":"wp","href":"https:\/\/api.w.org\/{rel}","templated":true}]}}