{"id":162,"date":"2018-08-23T12:46:03","date_gmt":"2018-08-23T12:46:03","guid":{"rendered":"http:\/\/blog.espol.edu.ec\/mundopubli\/?p=162"},"modified":"2018-08-23T12:46:03","modified_gmt":"2018-08-23T12:46:03","slug":"jose-salto-el-fotografo-de-moda-de-este-ano","status":"publish","type":"post","link":"https:\/\/blog.espol.edu.ec\/mundopubli\/jose-salto-el-fotografo-de-moda-de-este-ano\/","title":{"rendered":"Jose Salto, el fot\u00f3grafo de moda de este a\u00f1o"},"content":{"rendered":"<p><i>La fotograf\u00eda es todo un arte, y cada vez m\u00e1s personas apuestan por ella para generar emociones en el espectador mediante diferentes perspectivas. Jose Salto es el artista de moda del 2017, gracias a su gran portfolio y su amplia experiencia en el sector con trabajos de alta calidad a sus espaldas.<\/i><\/p>\n<p><img loading=\"lazy\" decoding=\"async\" class=\"wp-image-163 aligncenter\" src=\"http:\/\/blog.espol.edu.ec\/mundopubli\/files\/2018\/08\/fotografia-300x198.png\" alt=\"\" width=\"502\" height=\"331\" srcset=\"https:\/\/blog.espol.edu.ec\/mundopubli\/files\/2018\/08\/fotografia-300x198.png 300w, https:\/\/blog.espol.edu.ec\/mundopubli\/files\/2018\/08\/fotografia-768x508.png 768w, https:\/\/blog.espol.edu.ec\/mundopubli\/files\/2018\/08\/fotografia.png 960w\" sizes=\"auto, (max-width: 502px) 100vw, 502px\" \/><\/p>\n<p>La fotograf\u00eda ha cambiado en los \u00faltimos diez a\u00f1os. Sus usos se han ampliado tanto como respuesta de las demandas de los particulares como de las pymes y las multinacionales. <b>Independientemente de los fines, la sociedad pide calidad, profesionalidad y sobre todo arte<\/b>. Un artista de la fotograf\u00eda construye el espacio a partir de varios elementos haciendo de su creaci\u00f3n una obra de arte.<\/p>\n<p>Este es el caso de <b>Jose Salto<\/b>, uno de los mejores <a href=\"https:\/\/josesalto.com\/\"><span style=\"color: #1155cc\"><u>fotografos en Madrid<\/u><\/span><\/a> del panorama actual. Jose es fiel a su estilo desarrollando sus t\u00e9cnicas para provocar emociones en el p\u00fablico; pues como \u00e9l mismo manifiesta <b>la fotograf\u00eda es puro sentimiento<\/b>. Adem\u00e1s, a\u00f1ade que la luz afecta directamente al color de las fotograf\u00edas, de manera que fotografiar es tener en cuenta muchos aspectos al mismo tiempo que interfieren en la calidad del resultado. En definitiva, el fot\u00f3grafo declara que se trata de <b>convertir lo ordinario en algo extraordinario<\/b> en cualquier \u00e1rea de la vida, ya sea como <a href=\"https:\/\/josesalto.com\/fotografo-profesional-de-alimentos-y-gastronomico\/\"><span style=\"color: #1155cc\"><u>fot\u00f3grafo gastron\u00f3mico<\/u><\/span><\/a> o en el sector de retrato corporativo.<\/p>\n<p>Este fot\u00f3grafo de moda ha realizado trabajos profesionales como fot\u00f3grafo freelance para empresas como <b>Adidas, Toshiba, Mahou, Hollister, Room Mate Hostels y Tatel, Restaurante<\/b>, entre otros. Por lo que su reputaci\u00f3n est\u00e1 m\u00e1s que consolidada. Y no olvidemos que como freelance, Jose Salto trabajo por libre, alcanzando el \u00e9xito por si mismo gracias a su dedicaci\u00f3n, constancia y, como no, talento.<\/p>\n<p><span style=\"font-size: large\">Un portfolio muy completo<\/span><\/p>\n<p>Jose ha realizado trabajos muy variados encargados desde medios muy diversos; comenzando por <b>fotograf\u00eda gastron\u00f3mica<\/b> para restaurantes como <b>Lux grupos La M\u00e1quina<\/b>, pasando por <b>fotograf\u00eda de c\u00f3cteles<\/b>, o rematando como<b> <\/b><a href=\"https:\/\/josesalto.com\/fotografo-profesional-interiores-interiorismo\/\"><span style=\"color: #1155cc\"><u><b>fotografo interiorismo<\/b><\/u><\/span><\/a>.<\/p>\n<p>Un buen fot\u00f3grafo sabe sacarle la esencia a sus trabajos en cualquier \u00e1rea que se requiera, lo que cuenta es la pasi\u00f3n que el profesional lleva intr\u00ednsecamente mientras desarrolla su tarea. Otros trabajos que carga en su espalda en otras \u00e1reas profesionales se centran en la <b>fotograf\u00eda de retratos corporativos<\/b>, pero tambi\u00e9n desempe\u00f1a la labor como <a href=\"https:\/\/josesalto.com\/fotografo-profesional-para-eventos\/\"><span style=\"color: #1155cc\"><u>fotografo para eventos<\/u><\/span><\/a>, as\u00ed como <b>fot\u00f3grafo lifestyle<\/b> para diferentes empresas como la f\u00e1brica de camisas.<\/p>\n<p>La fotograf\u00eda es un arte por s\u00ed mismo, la aplicaci\u00f3n pr\u00e1ctica de las t\u00e9cnicas utilizadas y el uso de ellas es solo el medio para que el artista refleje su pasi\u00f3n y sus emociones en cualquier trabajo realizado.<\/p>\n","protected":false},"excerpt":{"rendered":"<p>La fotograf\u00eda es todo un arte, y cada vez m\u00e1s personas apuestan por ella para generar emociones en el espectador mediante diferentes perspectivas. Jose Salto es el artista de moda del 2017, gracias a su gran portfolio y su amplia experiencia en el sector con trabajos de alta calidad a sus espaldas. La fotograf\u00eda ha [&hellip;]<\/p>\n","protected":false},"author":10735,"featured_media":0,"comment_status":"open","ping_status":"open","sticky":false,"template":"","format":"standard","meta":{"footnotes":""},"categories":[385],"tags":[],"class_list":["post-162","post","type-post","status-publish","format-standard","hentry","category-consejos"],"_links":{"self":[{"href":"https:\/\/blog.espol.edu.ec\/mundopubli\/wp-json\/wp\/v2\/posts\/162","targetHints":{"allow":["GET"]}}],"collection":[{"href":"https:\/\/blog.espol.edu.ec\/mundopubli\/wp-json\/wp\/v2\/posts"}],"about":[{"href":"https:\/\/blog.espol.edu.ec\/mundopubli\/wp-json\/wp\/v2\/types\/post"}],"author":[{"embeddable":true,"href":"https:\/\/blog.espol.edu.ec\/mundopubli\/wp-json\/wp\/v2\/users\/10735"}],"replies":[{"embeddable":true,"href":"https:\/\/blog.espol.edu.ec\/mundopubli\/wp-json\/wp\/v2\/comments?post=162"}],"version-history":[{"count":1,"href":"https:\/\/blog.espol.edu.ec\/mundopubli\/wp-json\/wp\/v2\/posts\/162\/revisions"}],"predecessor-version":[{"id":164,"href":"https:\/\/blog.espol.edu.ec\/mundopubli\/wp-json\/wp\/v2\/posts\/162\/revisions\/164"}],"wp:attachment":[{"href":"https:\/\/blog.espol.edu.ec\/mundopubli\/wp-json\/wp\/v2\/media?parent=162"}],"wp:term":[{"taxonomy":"category","embeddable":true,"href":"https:\/\/blog.espol.edu.ec\/mundopubli\/wp-json\/wp\/v2\/categories?post=162"},{"taxonomy":"post_tag","embeddable":true,"href":"https:\/\/blog.espol.edu.ec\/mundopubli\/wp-json\/wp\/v2\/tags?post=162"}],"curies":[{"name":"wp","href":"https:\/\/api.w.org\/{rel}","templated":true}]}}