{"id":41,"date":"2017-06-15T07:07:31","date_gmt":"2017-06-15T07:07:31","guid":{"rendered":"http:\/\/blog.espol.edu.ec\/mundopubli\/?p=41"},"modified":"2017-08-28T16:22:05","modified_gmt":"2017-08-28T16:22:05","slug":"los-injertos-de-cabello-pueden-mejorar-tu-vida","status":"publish","type":"post","link":"https:\/\/blog.espol.edu.ec\/mundopubli\/los-injertos-de-cabello-pueden-mejorar-tu-vida\/","title":{"rendered":"La publicidad de los injertos de cabello"},"content":{"rendered":"<p>Los injertos de cabello pueden cambiar la forma en la que afrontas tu vida. Para saber hasta qu\u00e9 punto pueden influir en tu aspecto solo <b><a href=\"http:\/\/www.mybodymoon.es\/resultados\/\">mira los resultados de estos injertos<\/a> <\/b><span style=\"color: #00000a\">y compara las fotos del antes y del despu\u00e9s que puedes encontrar.<\/span><\/p>\n<p><span style=\"color: #00000a\"><b>Las personas con cabello se ven mucho m\u00e1s j\u00f3venes<\/b><\/span><span style=\"color: #00000a\"> y tienen una apariencia bastante m\u00e1s agradable. Por mucho que se diga que un hombre calvo es atractivo, lo cierto es que no es as\u00ed y la mayor\u00eda de hombres y mujeres consideran mucho m\u00e1s agradable la est\u00e9tica de alguien con pelo.<\/span><!--more--><\/p>\n<h2 class=\"western\">Eleva tu autoestima<\/h2>\n<p>Tener pelo puede elevar tu autoestima. Esto es f\u00e1cil de entender. Si cuando te miras en el espejo te ves mejor, m\u00e1s joven y m\u00e1s atractivo, <b>eso te dar\u00e1 seguridad en ti mismo.<\/b> Esa seguridad te ayudar\u00e1 a enfrentarte a tu d\u00eda a d\u00eda de una manera diferente.<\/p>\n<p>Est\u00e1 demostrado que <b>las personas con buenos niveles de autoestima se defienden mejor<\/b> ante las agresiones en el trabajo (por supuesto, no hablamos de agresiones f\u00edsicas) y saben hacerse valorar. Por eso consiguen mejores puestos de trabajo y logran llegar a los cargos de m\u00e1s responsabilidad.<\/p>\n<p>Una persona con una autoestima baja no puede convencer a los dem\u00e1s de que merece algo que ella misma no parece estar convencida del todo de merecerse. L\u00f3gico, \u00bfverdad? Por eso <b>la autoestima es imprescindible para poder tener \u00e9xito en la vida laboral<\/b>.<\/p>\n<h2 class=\"western\">Consigue tus metas<\/h2>\n<p>Pero adem\u00e1s, <b>el cabello puede ayudarte a conseguir un empleo mejor,<\/b> ya que muchos trabajos de cara al p\u00fablico requieren de una determinada est\u00e9tica. No se trata solo de ser joven, tambi\u00e9n hay que parecerlo y para poder llegar a escalar en una empresa el primer paso es entrar a formar parte de la misma.<\/p>\n<p>Tambi\u00e9n sucede lo mismo cuando se trata de establecer <b>relaciones de car\u00e1cter sentimental<\/b>. Es cierto que la aut\u00e9ntica belleza est\u00e1 en el interior, pero lo primero que ve la gente es el exterior y el hecho de no tener pelo puede causar rechazo. Puedes proyectar una imagen demasiado seria, parecer mayor de lo que eres o, simplemente, no se te ve realmente atractivo.<\/p>\n<p>El truco de <b>raparse completamente la cabeza<\/b> para disimular la calvicie no es v\u00e1lido para todo el mundo ya que si la forma de tu cabeza no es agradable, el resultado ser\u00e1 todav\u00eda peor y causar\u00e1 un mayor rechazo.<\/p>\n","protected":false},"excerpt":{"rendered":"<p>Los injertos de cabello pueden cambiar la forma en la que afrontas tu vida. Para saber hasta qu\u00e9 punto pueden influir en tu aspecto solo mira los resultados de estos injertos y compara las fotos del antes y del despu\u00e9s que puedes encontrar. Las personas con cabello se ven mucho m\u00e1s j\u00f3venes y tienen una [&hellip;]<\/p>\n","protected":false},"author":10735,"featured_media":0,"comment_status":"open","ping_status":"open","sticky":false,"template":"","format":"standard","meta":{"footnotes":""},"categories":[385],"tags":[],"class_list":["post-41","post","type-post","status-publish","format-standard","hentry","category-consejos"],"_links":{"self":[{"href":"https:\/\/blog.espol.edu.ec\/mundopubli\/wp-json\/wp\/v2\/posts\/41","targetHints":{"allow":["GET"]}}],"collection":[{"href":"https:\/\/blog.espol.edu.ec\/mundopubli\/wp-json\/wp\/v2\/posts"}],"about":[{"href":"https:\/\/blog.espol.edu.ec\/mundopubli\/wp-json\/wp\/v2\/types\/post"}],"author":[{"embeddable":true,"href":"https:\/\/blog.espol.edu.ec\/mundopubli\/wp-json\/wp\/v2\/users\/10735"}],"replies":[{"embeddable":true,"href":"https:\/\/blog.espol.edu.ec\/mundopubli\/wp-json\/wp\/v2\/comments?post=41"}],"version-history":[{"count":3,"href":"https:\/\/blog.espol.edu.ec\/mundopubli\/wp-json\/wp\/v2\/posts\/41\/revisions"}],"predecessor-version":[{"id":55,"href":"https:\/\/blog.espol.edu.ec\/mundopubli\/wp-json\/wp\/v2\/posts\/41\/revisions\/55"}],"wp:attachment":[{"href":"https:\/\/blog.espol.edu.ec\/mundopubli\/wp-json\/wp\/v2\/media?parent=41"}],"wp:term":[{"taxonomy":"category","embeddable":true,"href":"https:\/\/blog.espol.edu.ec\/mundopubli\/wp-json\/wp\/v2\/categories?post=41"},{"taxonomy":"post_tag","embeddable":true,"href":"https:\/\/blog.espol.edu.ec\/mundopubli\/wp-json\/wp\/v2\/tags?post=41"}],"curies":[{"name":"wp","href":"https:\/\/api.w.org\/{rel}","templated":true}]}}