{"id":43,"date":"2017-03-29T07:29:31","date_gmt":"2017-03-29T07:29:31","guid":{"rendered":"http:\/\/blog.espol.edu.ec\/mundopubli\/?p=43"},"modified":"2017-08-28T16:21:04","modified_gmt":"2017-08-28T16:21:04","slug":"la-feria-de-abril-puede-caer-en-agosto","status":"publish","type":"post","link":"https:\/\/blog.espol.edu.ec\/mundopubli\/la-feria-de-abril-puede-caer-en-agosto\/","title":{"rendered":"Como conseguir visitas con la feria de abril puede"},"content":{"rendered":"<p>Aunque feria de abril solo hay una, con la pol\u00e9mica (no muy real) de que a veces es feria de mayo, lo cierto es que <b>sus r\u00e9plicas contin\u00faan agitando el panorama nacional durante todo el a\u00f1o<\/b>. Son muchas las fiestas que se hacen con motivo de la feria de abril, imit\u00e1ndola e invitando a todo el mundo a vivir el esp\u00edritu de la feria donde quiera que se est\u00e9.<\/p>\n<p><img loading=\"lazy\" decoding=\"async\" class=\"alignnone wp-image-45\" src=\"http:\/\/blog.espol.edu.ec\/mundopubli\/files\/2017\/06\/feria-abril-300x187.jpg\" alt=\"\" width=\"557\" height=\"347\" srcset=\"https:\/\/blog.espol.edu.ec\/mundopubli\/files\/2017\/06\/feria-abril-300x187.jpg 300w, https:\/\/blog.espol.edu.ec\/mundopubli\/files\/2017\/06\/feria-abril-768x479.jpg 768w, https:\/\/blog.espol.edu.ec\/mundopubli\/files\/2017\/06\/feria-abril.jpg 960w\" sizes=\"auto, (max-width: 557px) 100vw, 557px\" \/><\/p>\n<p>El verano es una fecha ideal para recrear este acontecimiento de una manera divertida. <b>Una excusa perfecta para vivir una fiesta veraniega<\/b> con todas las ganas y hacerlo de una forma especial, empap\u00e1ndose totalmente del esp\u00edritu sevillano.<!--more--><\/p>\n<h2 class=\"western\">Prep\u00e1rate para ser la m\u00e1s gitana<\/h2>\n<p>Para empezar, no puede faltar la ropa apropiada. Ni para \u00e9l ni para ella, especialmente para ella. <b>Los hombres lo tienen m\u00e1s f\u00e1cil<\/b>, porque un pantal\u00f3n gris o negro y chaleco son suficientes, sobre todo en verano cuando sobra la chaquetilla.<\/p>\n<p>Pero para ellas no puede faltar el atuendo de gitana m\u00e1s aut\u00e9ntico. Y la mejor manera de hacerse con un bonito vestido de feria es comprando <b><a href=\"http:\/\/tejidosparedes.net\/flamenco\">telas de lunares para trajes de flamenca<\/a> <\/b>y haci\u00e9ndolo una misma o encargando a una costurera de confianza que nos lo haga.<\/p>\n<p>As\u00ed, podr\u00e1s escoger <b>un modelo un poco menos ortodoxo, de tirantes<\/b>, pero que sin duda ser\u00e1 mucho m\u00e1s fresco para esta \u00e9poca del a\u00f1o. No olvides la tela para los volantes de la falda y del escote.<\/p>\n<h2 class=\"western\">Que no falte la m\u00fasica<\/h2>\n<p>Y una vez que tenemos la ropa a punto, <b>no puede faltar la m\u00fasica<\/b> para acompa\u00f1ar a la fiesta. M\u00fasica flamenca muy animada que ayudar\u00e1 a que todo el mundo baile hasta bien entrada la madrugada, ya sea con un agua en la mano o con una copita de manzanilla.<\/p>\n<p>Estas fiestas son organizadas en muchos casos por <b>salas de fiestas o incluso por bares<\/b>. Pero tambi\u00e9n se puede organizar en cualquier casa particular, especialmente si cuenta con un jard\u00edn o una terraza amplia.<\/p>\n<p>Pero si no dispones de un lugar privado no tienes por qu\u00e9 esperar a que se les ocurra la idea a tus bares favoritos. <b>Organiza una con amigos<\/b> en una asociaci\u00f3n o habla con el local en el que sol\u00e1is parar m\u00e1s a menudo para hacerle la propuesta.<\/p>\n<p>Seguro que si sois un grupito numeroso el que os compromet\u00e9is a <b>vestiros para la ocasi\u00f3n<\/b> y crear ambiente, no se resisten a complaceros.<\/p>\n","protected":false},"excerpt":{"rendered":"<p>Aunque feria de abril solo hay una, con la pol\u00e9mica (no muy real) de que a veces es feria de mayo, lo cierto es que sus r\u00e9plicas contin\u00faan agitando el panorama nacional durante todo el a\u00f1o. Son muchas las fiestas que se hacen con motivo de la feria de abril, imit\u00e1ndola e invitando a todo [&hellip;]<\/p>\n","protected":false},"author":10735,"featured_media":0,"comment_status":"open","ping_status":"open","sticky":false,"template":"","format":"standard","meta":{"footnotes":""},"categories":[385],"tags":[],"class_list":["post-43","post","type-post","status-publish","format-standard","hentry","category-consejos"],"_links":{"self":[{"href":"https:\/\/blog.espol.edu.ec\/mundopubli\/wp-json\/wp\/v2\/posts\/43","targetHints":{"allow":["GET"]}}],"collection":[{"href":"https:\/\/blog.espol.edu.ec\/mundopubli\/wp-json\/wp\/v2\/posts"}],"about":[{"href":"https:\/\/blog.espol.edu.ec\/mundopubli\/wp-json\/wp\/v2\/types\/post"}],"author":[{"embeddable":true,"href":"https:\/\/blog.espol.edu.ec\/mundopubli\/wp-json\/wp\/v2\/users\/10735"}],"replies":[{"embeddable":true,"href":"https:\/\/blog.espol.edu.ec\/mundopubli\/wp-json\/wp\/v2\/comments?post=43"}],"version-history":[{"count":4,"href":"https:\/\/blog.espol.edu.ec\/mundopubli\/wp-json\/wp\/v2\/posts\/43\/revisions"}],"predecessor-version":[{"id":52,"href":"https:\/\/blog.espol.edu.ec\/mundopubli\/wp-json\/wp\/v2\/posts\/43\/revisions\/52"}],"wp:attachment":[{"href":"https:\/\/blog.espol.edu.ec\/mundopubli\/wp-json\/wp\/v2\/media?parent=43"}],"wp:term":[{"taxonomy":"category","embeddable":true,"href":"https:\/\/blog.espol.edu.ec\/mundopubli\/wp-json\/wp\/v2\/categories?post=43"},{"taxonomy":"post_tag","embeddable":true,"href":"https:\/\/blog.espol.edu.ec\/mundopubli\/wp-json\/wp\/v2\/tags?post=43"}],"curies":[{"name":"wp","href":"https:\/\/api.w.org\/{rel}","templated":true}]}}