{"id":39,"date":"2010-02-22T13:49:31","date_gmt":"2010-02-22T18:49:31","guid":{"rendered":"http:\/\/blog.espol.edu.ec\/ncarabajo\/?p=39"},"modified":"2010-02-22T13:49:31","modified_gmt":"2010-02-22T18:49:31","slug":"mercedes-sosa","status":"publish","type":"post","link":"https:\/\/blog.espol.edu.ec\/ncarabajo\/2010\/02\/22\/mercedes-sosa\/","title":{"rendered":"MERCEDES SOSA"},"content":{"rendered":"<p><strong>Mercedes Sosa<\/strong>, (San Miguel de Tucum\u00e1n, Argentina, 9 de julio de 1935 \u2013 Buenos Aires, Argentina, 4 de octubre de 2009<sup><\/sup> ) conocida como La Negra Sosa o La Voz de Am\u00e9rica, fue una cantante de <span class=\"mw-redirect\">m\u00fasica folcl\u00f3rica argentina<\/span> reconocida en Am\u00e9rica Latina y Europa. Cons<img loading=\"lazy\" decoding=\"async\" class=\"alignright size-medium wp-image-41\" src=\"http:\/\/blog.espol.edu.ec\/ncarabajo\/files\/2010\/02\/mercedes_sosa1-300x200.jpg\" alt=\"Mercedes Sosa\" width=\"300\" height=\"260\" \/>iderada como la principal cantante de Argentina. Fundadora del <span class=\"mw-redirect\">Movimiento del Nuevo Cancionero<\/span> y exponente mayor de la Nueva Canci\u00f3n latinoamericana. Incursion\u00f3 en otros g\u00e9neros como el tango, el <span class=\"mw-redirect\">rock<\/span> y el pop. Se defin\u00eda a s\u00ed misma como \"cantora\" antes que \"cantante\", en lo que fue una distinci\u00f3n fundamental de la nueva canci\u00f3n latinoamericana de la que ella fue una de las iniciadoras: \"cantante es el que puede y cantor el que debe\" (Facundo Cabral).<sup><span class=\"corchete-llamada\">[<\/span>3<span class=\"corchete-llamada\">]<\/span><\/sup> Ese ideal fue expresado por Mercedes Sosa en los t\u00edtulos de sus \u00e1lbumes como Canciones con fundamento y Yo no canto por cantar.<!--more--><\/p>\n<p>En 1962, Mercedes Sosa lanz\u00f3 su primer \u00e1lbum, <span class=\"new\">La voz de la zafra<\/span> (la <span class=\"new\">zafra<\/span> es la cosecha de <span class=\"mw-redirect\">ca\u00f1a de azucar<\/span>, principal producci\u00f3n de Tucum\u00e1n), grabado el a\u00f1o anterior y producido por <span class=\"mw-redirect\">RCA<\/span>. El \u00e1lbum fue grabado debido a la insistencia de <span class=\"new\">Ben Molar<\/span>, un m\u00fasico polifac\u00e9tico vinculado a la m\u00fasica popular de Buenos Aires, quien reconoci\u00f3 el talento de la cantante tucumana y convenci\u00f3 a los directivos del sello RCA para realizar el disco, que sin embargo careci\u00f3 de difusi\u00f3n.<sup><span class=\"corchete-llamada\">[<\/span>13<span class=\"corchete-llamada\">]<\/span><\/sup><\/p>\n<p>El disco est\u00e1 integrado por ocho canciones de Matus-Tejada G\u00f3mez: Los hombres del r\u00edo, La zafrera, El r\u00edo y t\u00fa, Tropero padre, Nocturna, Zamba de los humildes o La de los humildes, Zamba de la distancia y Selva sola,<sup><span class=\"corchete-llamada\">[<\/span>9<span class=\"corchete-llamada\">]<\/span><\/sup> adem\u00e1s de otras cuatro, entre las que se encuentran la guarania Jangadero del misionero Ram\u00f3n Ayala<sup><span class=\"corchete-llamada\">[<\/span>14<span class=\"corchete-llamada\">]<\/span><\/sup> -quien escribe tambi\u00e9n la nota de contratapa-, El indio muerto del fronterizo Gerardo L\u00f3pez<span class=\"new\">Ben Molar<\/span>, a pedido de Mercedes Sosa,  y dos temas con letra de Recuerdos del Paraguay y Sin saber por qu\u00e9.<sup><span class=\"corchete-llamada\">[<\/span>13<span class=\"corchete-llamada\">]<\/span><\/sup> La canci\u00f3n Nocturna tiene una significaci\u00f3n especial para Mercedes Sosa porque se trata de la canci\u00f3n que simboliz\u00f3 el amor a primera vista con Oscar Matus (\"T\u00fa, junto al amor que nos separa, llenas mi dulce guitarra de oscura distancia... lleva mi voz en tu voz, triste y suave\").<sup><span class=\"corchete-llamada\">[<\/span>9<span class=\"corchete-llamada\">]<\/span><\/sup> El mismo \u00e1lbum fue luego reeditado bajo el t\u00edtulo de Canta Mercedes Sosa.<\/p>\n<p>El \u00e1lbum anticipaba una l\u00ednea est\u00e9tica-cultural que ser\u00eda expresamente formulada al a\u00f1o siguiente con el lanzamiento del Movimiento del Nuevo Cancionero, y que ser\u00eda sintetizada con el t\u00edtulo de su segundo \u00e1lbum, Canciones con fundamento (1965), segundo disco del sello independiente El Grillo que intentaba consolidar Matus, compuesto -al igual que el primero-, en base a las canciones de Matus-Tejada G\u00f3mez.<\/p>\n","protected":false},"excerpt":{"rendered":"<p>Mercedes Sosa, (San Miguel de Tucum\u00e1n, Argentina, 9 de julio de 1935 \u2013 Buenos Aires, Argentina, 4 de octubre de 2009 ) conocida como La Negra Sosa o La Voz de Am\u00e9rica, fue una cantante de m\u00fasica folcl\u00f3rica argentina reconocida en Am\u00e9rica Latina y Europa. Considerada como la principal cantante de Argentina. Fundadora del Movimiento [&hellip;]<\/p>\n","protected":false},"author":3342,"featured_media":0,"comment_status":"open","ping_status":"open","sticky":false,"template":"","format":"standard","meta":{"footnotes":""},"categories":[1],"tags":[],"class_list":["post-39","post","type-post","status-publish","format-standard","hentry","category-uncategorized"],"_links":{"self":[{"href":"https:\/\/blog.espol.edu.ec\/ncarabajo\/wp-json\/wp\/v2\/posts\/39","targetHints":{"allow":["GET"]}}],"collection":[{"href":"https:\/\/blog.espol.edu.ec\/ncarabajo\/wp-json\/wp\/v2\/posts"}],"about":[{"href":"https:\/\/blog.espol.edu.ec\/ncarabajo\/wp-json\/wp\/v2\/types\/post"}],"author":[{"embeddable":true,"href":"https:\/\/blog.espol.edu.ec\/ncarabajo\/wp-json\/wp\/v2\/users\/3342"}],"replies":[{"embeddable":true,"href":"https:\/\/blog.espol.edu.ec\/ncarabajo\/wp-json\/wp\/v2\/comments?post=39"}],"version-history":[{"count":2,"href":"https:\/\/blog.espol.edu.ec\/ncarabajo\/wp-json\/wp\/v2\/posts\/39\/revisions"}],"predecessor-version":[{"id":43,"href":"https:\/\/blog.espol.edu.ec\/ncarabajo\/wp-json\/wp\/v2\/posts\/39\/revisions\/43"}],"wp:attachment":[{"href":"https:\/\/blog.espol.edu.ec\/ncarabajo\/wp-json\/wp\/v2\/media?parent=39"}],"wp:term":[{"taxonomy":"category","embeddable":true,"href":"https:\/\/blog.espol.edu.ec\/ncarabajo\/wp-json\/wp\/v2\/categories?post=39"},{"taxonomy":"post_tag","embeddable":true,"href":"https:\/\/blog.espol.edu.ec\/ncarabajo\/wp-json\/wp\/v2\/tags?post=39"}],"curies":[{"name":"wp","href":"https:\/\/api.w.org\/{rel}","templated":true}]}}