{"id":19,"date":"2010-11-21T18:56:11","date_gmt":"2010-11-21T18:56:11","guid":{"rendered":"http:\/\/blog.espol.edu.ec\/olgalarrea\/2010\/11\/21\/patria-altiva-y-soberana\/"},"modified":"2010-12-10T16:43:27","modified_gmt":"2010-12-10T16:43:27","slug":"patria-altiva-y-soberana","status":"publish","type":"post","link":"https:\/\/blog.espol.edu.ec\/olgalarrea\/2010\/11\/21\/patria-altiva-y-soberana\/","title":{"rendered":"Patria altiva y soberana..."},"content":{"rendered":"<div class=\"mceTemp\" style=\"text-align: left\">\n<dl>\n<dt><a href=\"http:\/\/blog.espol.edu.ec\/olgalarrea\/files\/2010\/11\/correa_ecuador1.jpg\"><img loading=\"lazy\" decoding=\"async\" class=\"size-medium wp-image-18\" title=\"tan bello!! \" src=\"http:\/\/blog.espol.edu.ec\/olgalarrea\/files\/2010\/11\/correa_ecuador1-300x236.jpg\" alt=\"\" width=\"300\" height=\"236\" srcset=\"https:\/\/blog.espol.edu.ec\/olgalarrea\/files\/2010\/11\/correa_ecuador1-300x236.jpg 300w, https:\/\/blog.espol.edu.ec\/olgalarrea\/files\/2010\/11\/correa_ecuador1.jpg 400w\" sizes=\"auto, (max-width: 300px) 100vw, 300px\" \/><\/a><\/dt>\n<dd>hasta la victoria siempre!!!<\/dd>\n<\/dl>\n<p><em><a href=\"http:\/\/www.ecuador.travel\/\"><strong>Ecuador<\/strong><\/a>(oficialmente <strong>Rep\u00fablica del Ecuador<\/strong>) es un <\/em><em>pa\u00eds<\/em><em>de <\/em><em>Am\u00e9rica<\/em><em>, situado en la parte noroeste de <\/em><a href=\"http:\/\/es.wikipedia.org\/wiki\/Am%C3%A9rica_del_Sur\"><em>Am\u00e9rica del Sur<\/em><\/a><em>, en la <\/em><em>regi\u00f3n andina<\/em><em>. Ecuador limita al norte con <\/em><a href=\"http:\/\/es.wikipedia.org\/wiki\/Colombia\"><em>Colombia<\/em><\/a><em>, al sur y al este con<a href=\"http:\/\/es.wikipedia.org\/wiki\/Per%C3%BA\"> <\/a><\/em><a href=\"http:\/\/es.wikipedia.org\/wiki\/Per%C3%BA\"><em>Per\u00fa<\/em><\/a><em> y al oeste con el <\/em><em>oc\u00e9ano Pac\u00edfico<\/em><em>. El pa\u00eds tiene una extensi\u00f3n de 283 561 km\u00b2. En Ecuador <\/em><em>habitan<\/em> <em>m\u00e1s de 14 millones de <\/em><em>personas<\/em><em>, por lo que se trata de la novena naci\u00f3n con mayor cantidad de hispanohablantes en el mundo. El <a href=\"http:\/\/es.wikipedia.org\/wiki\/Idioma_espa%C3%B1ol\">castellano<\/a> es el idioma oficial del Ecuador;el <a href=\"http:\/\/es.wikipedia.org\/wiki\/Quechua_%28etnia%29\">kichwa<\/a> y el <a href=\"http:\/\/es.wikipedia.org\/wiki\/Shuar\">shuar <\/a>son idiomas oficiales de relaci\u00f3n intercultural. Los dem\u00e1s idiomas ancestrales son de uso oficial para los pueblos ind\u00edgenas en las zonas donde habitan y en los t\u00e9rminos que fija la ley.<\/em><\/p>\n<\/div>\n<p><em> <\/em><\/p>\n","protected":false},"excerpt":{"rendered":"<p>hasta la victoria siempre!!! Ecuador(oficialmente Rep\u00fablica del Ecuador) es un pa\u00edsde Am\u00e9rica, situado en la parte noroeste de Am\u00e9rica del Sur, en la regi\u00f3n andina. Ecuador limita al norte con Colombia, al sur y al este con Per\u00fa y al oeste con el oc\u00e9ano Pac\u00edfico. El pa\u00eds tiene una extensi\u00f3n de 283 561 km\u00b2. En [&hellip;]<\/p>\n","protected":false},"author":5344,"featured_media":0,"comment_status":"open","ping_status":"open","sticky":false,"template":"","format":"standard","meta":{"footnotes":""},"categories":[1],"tags":[],"class_list":["post-19","post","type-post","status-publish","format-standard","hentry","category-uncategorized"],"_links":{"self":[{"href":"https:\/\/blog.espol.edu.ec\/olgalarrea\/wp-json\/wp\/v2\/posts\/19","targetHints":{"allow":["GET"]}}],"collection":[{"href":"https:\/\/blog.espol.edu.ec\/olgalarrea\/wp-json\/wp\/v2\/posts"}],"about":[{"href":"https:\/\/blog.espol.edu.ec\/olgalarrea\/wp-json\/wp\/v2\/types\/post"}],"author":[{"embeddable":true,"href":"https:\/\/blog.espol.edu.ec\/olgalarrea\/wp-json\/wp\/v2\/users\/5344"}],"replies":[{"embeddable":true,"href":"https:\/\/blog.espol.edu.ec\/olgalarrea\/wp-json\/wp\/v2\/comments?post=19"}],"version-history":[{"count":4,"href":"https:\/\/blog.espol.edu.ec\/olgalarrea\/wp-json\/wp\/v2\/posts\/19\/revisions"}],"predecessor-version":[{"id":20,"href":"https:\/\/blog.espol.edu.ec\/olgalarrea\/wp-json\/wp\/v2\/posts\/19\/revisions\/20"}],"wp:attachment":[{"href":"https:\/\/blog.espol.edu.ec\/olgalarrea\/wp-json\/wp\/v2\/media?parent=19"}],"wp:term":[{"taxonomy":"category","embeddable":true,"href":"https:\/\/blog.espol.edu.ec\/olgalarrea\/wp-json\/wp\/v2\/categories?post=19"},{"taxonomy":"post_tag","embeddable":true,"href":"https:\/\/blog.espol.edu.ec\/olgalarrea\/wp-json\/wp\/v2\/tags?post=19"}],"curies":[{"name":"wp","href":"https:\/\/api.w.org\/{rel}","templated":true}]}}