{"id":87,"date":"2010-12-11T21:25:12","date_gmt":"2010-12-11T21:25:12","guid":{"rendered":"http:\/\/blog.espol.edu.ec\/olgalarrea\/2010\/12\/11\/premio-democracia-2010\/"},"modified":"2010-12-14T18:16:13","modified_gmt":"2010-12-14T18:16:13","slug":"premio-democracia-2010","status":"publish","type":"post","link":"https:\/\/blog.espol.edu.ec\/olgalarrea\/2010\/12\/11\/premio-democracia-2010\/","title":{"rendered":"PREMIO DEMOCRACIA 2010"},"content":{"rendered":"<p><a href=\"http:\/\/blog.espol.edu.ec\/olgalarrea\/files\/2010\/12\/rafael_correa_madrid1.jpg\"><img loading=\"lazy\" decoding=\"async\" class=\"alignleft size-thumbnail wp-image-92\" title=\"Rafael Correa\" src=\"http:\/\/blog.espol.edu.ec\/olgalarrea\/files\/2010\/12\/rafael_correa_madrid1-150x150.jpg\" alt=\"\" width=\"135\" height=\"135\" \/><\/a><br \/>\n<span style=\"color: #ffff00\"><strong>Personalidad Destacada de Am\u00e9rica Latina...<\/strong><\/span><\/p>\n<p><strong><span style=\"color: #99cc00\"><span style=\"color: #ffff00\">Uno de los postulados del <a href=\"http:\/\/es.wikipedia.org\/wiki\/Socialismo\">socialismo<\/a> del siglo XXI es: La supremac\u00eda del trabajo humano por sobre el capital.Lo que hay que cambiar son las relaciones de poder: El bien com\u00fan por sobre intereses particulares.Estados burgueses por Estados populares. La lucha es d\u00eda a d\u00eda y por lograr un empleo digno. Por ejemplo, terminando con la tercerizaci\u00f3n\u201d.<br \/>\nLa frase fue una de las dichas por el presidente de la <a href=\"http:\/\/www.presidencia.gov.ec\/\">Rep\u00fablica del Ecuador,<\/a> Rafael Correa Delgado, en su paso hiperactivo por<a href=\"http:\/\/es.wikipedia.org\/wiki\/Buenos_Aires\"> Buenos Aires<\/a>, y antes de dirigirse a la <a href=\"http:\/\/www.ateneadigital.es\/RevistaAtenea\/REVISTA\/articulos\/GestionNoticias_3542_ESP.asp\">XX Cumbre Iberoamericana<\/a> de <a href=\"http:\/\/es.wikipedia.org\/wiki\/Mar_del_Plata\">Mar del Plata.<\/a><br \/>\nEra de madrugada cuando el presidente ecuatoriano pisaba suelo argentino y ya lo esperaba un traj\u00edn que inclu\u00eda: asistir por la ma\u00f1ana a la inauguraci\u00f3n de un busto de la hero\u00edna ecuatoriana Manuela S\u00e1enz, en Puerto Madero; dos horas m\u00e1s tarde, recibir la Investidura Doctorado Honoris Causa por parte de la Universidad de Buenos Aires y adonde lo acompa\u00f1ar\u00eda la Asociaci\u00f3n Madres de Plaza de Mayo.All\u00ed, en referencia a la situaci\u00f3n econ\u00f3mica mundial, sentenci\u00f3: \u201cNo se resuelve la crisis global inyectando millones de d\u00f3lares a la banca corrupta\u201d. Al tiempo que, en relaci\u00f3n con el momento pol\u00edtico de la regi\u00f3n, arremet\u00eda con que \u201cen Am\u00e9rica Latina ganar las elecciones no significa ganar el poder\u201d porque \u201clos poderes f\u00e1cticos generalmente contin\u00faan intactos\u201d. As\u00ed, advert\u00eda que es por ello que quienes propician el cambio verdadero sufren complots y que el actual desaf\u00edo fundamental de Am\u00e9rica latina es \u201cvolcarse a favor de las grandes mayor\u00edas\u201d.<br \/>\nSal\u00eda de all\u00ed y s\u00f3lo una hora m\u00e1s tarde se encontraba con la colonia ecuatoriana, para luego concurrir a un almuerzo ofrecido por la Embajada de Ecuador y la C\u00e1mara Argentino- Ecuatoriana de Comercio e Industria, en la Sociedad Rural <a href=\"http:\/\/es.wikipedia.org\/wiki\/Argentina\">Argentina<\/a>.<br \/>\nYa hab\u00edan pasado las 16, cuando Correa llegaba al Centro Cultural de la Cooperaci\u00f3n (<a href=\"http:\/\/www.lanacion.com.ar\/nota.asp?nota_id=1333044\">CCC<\/a>) para la presentaci\u00f3n de su libro Ecuador: De la<a href=\"http:\/\/www.elciudadano.gov.ec\/index.php?option=com_content&amp;view=article&amp;id=19266:de-la-banana-republic-a-la-no-republica-contribuye-a-entender-lo-que-ha-pasado-en-america-latina&amp;catid=1:actualidad&amp;Itemid=42\"> Banana Republic a la No Rep\u00fablica<\/a>, donde, con un vocabulario simple, explica lo complejo de la coyuntura actual y advierte sobre la necesidad de pol\u00edticas que promuevan relaciones m\u00e1s justas entre capital y trabajo, buscando el equilibrio social y la erradicaci\u00f3n de la pobreza.<\/span><br \/>\n<span style=\"color: #ffff00\">La sala era la m\u00e1s grande del CCC, y estaba repleta. Pod\u00eda verse entre el p\u00fablico a Osvaldo Bayer; a los diputados nacionales Carlos Heller,Mart\u00edn Sabbatella y Ariel Basteiro; y a los artistas Ra\u00fal Rizzo, Federico Luppi y Horacio Fontova, entre otras personalidades.<\/span><br \/>\n<span style=\"color: #0000ff\">En la jornada, el director del Centro Cultural de la Cooperaci\u00f3n Floreal Gorini, Juan Carlos Junio, ley\u00f3 el Manifiesto de Buenos Aires, un documento entregado a Rafael Correa firmado por cientos de artistas, escritores, intelectuales y trabajadores de la cultura, a favor de la integraci\u00f3n de los pueblos del continente. \u201cLa decisi\u00f3n pol\u00edtica y la valent\u00eda (del presidente Correa) constituyen un reaseguro del modelo de Patria Grande que estamos construyendo\u201d, afirm\u00f3 Junio.<br \/>\nAquello result\u00f3 una clase magistral de pol\u00edtica y econom\u00eda: \u201cEstamos con un proyecto en el que ninguna empresa pueda presentar utilidades hasta que el \u00faltimo de sus trabajadores haya recibido un salario digno. Es decir, nadie puede basar la rentabilidad de la empresa en la explotaci\u00f3n laboral.Es una medida dur\u00edsima, pero tambi\u00e9n la \u00fanica manera de enfrentar una realidad dur\u00edsima y una explotaci\u00f3n laboral y realidad asim\u00e9trica capital- trabajo en nuestra Am\u00e9rica\u201d, y era ovacionado por los oyentes de la charla que mantuvo durante m\u00e1s de dos horas con el director del Programa Educativo de Educaci\u00f3n a Distancia en Ciencias Sociales del CCC Atilio Boron; y la secretaria ejecutiva de la Comisi\u00f3n Econ\u00f3mica para Am\u00e9rica Latina y el Caribe (<a href=\"http:\/\/www.eclac.org\/argentina\/default.asp\">Cepal<\/a>), Alicia B\u00e1rcena.<br \/>\nEl presidente, que proviene de la Teolog\u00eda de la Liberaci\u00f3n, sentenciaba all\u00ed: \u201cNo tengo todas las respuestas, pero no me cabe ninguna duda de que no hay que escuchar al Fondo Monetario ni al Banco Mundial\u201d.<\/span><br \/>\n<span style=\"color: #ff0000\"><span style=\"color: #0000ff\">El jefe de Estado de Ecuador para quien \u201ceste libro nos servir\u00e1 para entender lo que le paso a Am\u00e9rica latina, porque lo que le pas\u00f3 al Ecuador le pas\u00f3 a Argentina, a Bolivia, a Per\u00fa, a Brasil, <span style=\"color: #ff0000\">a Centroam\u00e9rica, a toda nuestra Am\u00e9rica\u201d,puntualiz\u00f3:\u201cNuestros pa\u00edses por estar separados han sido v\u00edctimas de los intereses del capital financiero.Y nos pusimos a competir, como si entre naciones hubiera que competir, cuando lo que hay que hacer es cooperar. Y \u00bfc\u00f3mo compet\u00edamos? B\u00e1sicamente, precarizando, reduciendo salarios,quitando estabilidad <\/span><span style=\"color: #ff0000\">labor<span style=\"color: #ff0000\">a<\/span><\/span><span style=\"color: #ff0000\">l.<\/span><\/span>\u00a1Absurdo! Aqu\u00ed,m\u00e1s que en ning\u00fan lado, es imperativo coincidir, por ejemplo, en salarios b\u00e1sicos regionales.Y en eso tambi\u00e9n estamos trabajando en Unasur.<br \/>\nEl capital tendr\u00e1 que someterse a las naciones y no \u00e9stas al capital\u201d.Remarc\u00f3 tambi\u00e9n la necesidad de instaurar un Fondo de Reserva para que los pa\u00edses latinoamericanos no env\u00eden su dinero a <a href=\"http:\/\/es.wikipedia.org\/wiki\/Estados_Unidos\">Estados Unidos<\/a> sino que tengan un fondo com\u00fan que los financie y atienda cualquier crisis.<br \/>\nSiguiendo el ritmo marat\u00f3nico de su gira porte\u00f1a, a las 19.30 todav\u00eda lo esperaban una rueda de prensa internacional y una serie de entrevistas; y hasta recibir el Premio Democracia 2010,<a href=\"http:\/\/www.rafaelcorrea.com\/\">Personalidad Destacada de Latinoam\u00e9rica,<\/a> antes de sentarse en el asiento del avi\u00f3n que lo llevar\u00eda a <a href=\"http:\/\/es.wikipedia.org\/wiki\/Mar_del_Plata\">Mar del Plata<\/a>.<\/span><\/span><\/strong><\/p>\n","protected":false},"excerpt":{"rendered":"<p>Personalidad Destacada de Am\u00e9rica Latina... Uno de los postulados del socialismo del siglo XXI es: La supremac\u00eda del trabajo humano por sobre el capital.Lo que hay que cambiar son las relaciones de poder: El bien com\u00fan por sobre intereses particulares.Estados burgueses por Estados populares. La lucha es d\u00eda a d\u00eda y por lograr un empleo [&hellip;]<\/p>\n","protected":false},"author":5344,"featured_media":0,"comment_status":"open","ping_status":"open","sticky":false,"template":"","format":"standard","meta":{"footnotes":""},"categories":[1],"tags":[],"class_list":["post-87","post","type-post","status-publish","format-standard","hentry","category-uncategorized"],"_links":{"self":[{"href":"https:\/\/blog.espol.edu.ec\/olgalarrea\/wp-json\/wp\/v2\/posts\/87","targetHints":{"allow":["GET"]}}],"collection":[{"href":"https:\/\/blog.espol.edu.ec\/olgalarrea\/wp-json\/wp\/v2\/posts"}],"about":[{"href":"https:\/\/blog.espol.edu.ec\/olgalarrea\/wp-json\/wp\/v2\/types\/post"}],"author":[{"embeddable":true,"href":"https:\/\/blog.espol.edu.ec\/olgalarrea\/wp-json\/wp\/v2\/users\/5344"}],"replies":[{"embeddable":true,"href":"https:\/\/blog.espol.edu.ec\/olgalarrea\/wp-json\/wp\/v2\/comments?post=87"}],"version-history":[{"count":5,"href":"https:\/\/blog.espol.edu.ec\/olgalarrea\/wp-json\/wp\/v2\/posts\/87\/revisions"}],"predecessor-version":[{"id":121,"href":"https:\/\/blog.espol.edu.ec\/olgalarrea\/wp-json\/wp\/v2\/posts\/87\/revisions\/121"}],"wp:attachment":[{"href":"https:\/\/blog.espol.edu.ec\/olgalarrea\/wp-json\/wp\/v2\/media?parent=87"}],"wp:term":[{"taxonomy":"category","embeddable":true,"href":"https:\/\/blog.espol.edu.ec\/olgalarrea\/wp-json\/wp\/v2\/categories?post=87"},{"taxonomy":"post_tag","embeddable":true,"href":"https:\/\/blog.espol.edu.ec\/olgalarrea\/wp-json\/wp\/v2\/tags?post=87"}],"curies":[{"name":"wp","href":"https:\/\/api.w.org\/{rel}","templated":true}]}}