{"id":96,"date":"2010-12-11T22:14:15","date_gmt":"2010-12-11T22:14:15","guid":{"rendered":"http:\/\/blog.espol.edu.ec\/olgalarrea\/?p=96"},"modified":"2010-12-14T18:14:10","modified_gmt":"2010-12-14T18:14:10","slug":"enlace-ciudadano-200","status":"publish","type":"post","link":"https:\/\/blog.espol.edu.ec\/olgalarrea\/2010\/12\/11\/enlace-ciudadano-200\/","title":{"rendered":"Enlace ciudadano #200"},"content":{"rendered":"<p><img loading=\"lazy\" decoding=\"async\" class=\"alignleft size-thumbnail wp-image-100\" title=\"=)\" src=\"http:\/\/blog.espol.edu.ec\/olgalarrea\/files\/2010\/12\/CA98CX03CA2DGMNJCAF0196NCAYMMY8WCAUGZ2T3CAIC2W7WCAK1IR7BCAH9328HCAQ7XAUWCACZDGU2CAONBVNOCANCSKA3CAVKJWFCCAHDE0LYCA6IMZIKCAGJVZP0CACC1N1LCAY84B1S1-150x150.jpg\" alt=\"\" width=\"150\" height=\"150\" \/><span style=\"color: #ffff00\"><a href=\"http:\/\/blog.espol.edu.ec\/olgalarrea\/files\/2010\/12\/5086341057_7eb0c92566_z1.jpg\"><img loading=\"lazy\" decoding=\"async\" class=\"size-thumbnail wp-image-97 alignright\" title=\"Rafael Correa\" src=\"http:\/\/blog.espol.edu.ec\/olgalarrea\/files\/2010\/12\/5086341057_7eb0c92566_z1-150x150.jpg\" alt=\"\" width=\"120\" height=\"120\" \/><\/a><br \/>\n<a href=\"http:\/\/es.wikipedia.org\/wiki\/Quito\">Quito<\/a> (Pichincha).- En los bajos del Palacio de <a href=\"http:\/\/es.wikipedia.org\/wiki\/Palacio_de_Carondelet\">Carondelet <\/a>hubo fiesta. Este d\u00eda viernes 10 de diciembre centenares de ciudadanos acudieron a la <a href=\"http:\/\/es.wikipedia.org\/wiki\/Plaza_de_la_Independencia_%28Quito%29\">Plaza de la Independencia<\/a> en horas de la ma\u00f1ana para poder coger la mejor ubicaci\u00f3n y de esta manera presenciar el espect\u00e1culo que se present\u00f3 en conmemoraci\u00f3n de los 200 <a href=\"http:\/\/www.ecuadortv.ec\/ecutopnw.php?c=1904\">Enlaces Ciudadanos<\/a>.<\/span><\/p>\n<p><span style=\"color: #ffff00\"><span style=\"color: #ffff00\">Grupos de j\u00f3venes, adolescentes y adultos bailaron al son de los grupos musicales que expon\u00edan su mejor repertorio, mientras que representantes de varias comunidades d<\/span>el pa\u00eds tocaban sus tradicionales instrumentos, bailaban, cantaban y as\u00ed, de m\u00faltiples maneras, mostraban su entusiasmo.<\/span><\/p>\n<p><span style=\"color: #ffff00\">La comunidad <a href=\"http:\/\/www.ciudadcolorada.com\/index.php\">Ts\u00e1chila<\/a>, la cual se hizo presente en la celebraci\u00f3n de los 200 Enlaces Ciudadanos con cerca de 30 delegados, realiz\u00f3 una presentaci\u00f3n art\u00edstica la cual se sum\u00f3 a las decenas de exposiciones que se efectuaron este d\u00eda.<\/span><\/p>\n<p><span style=\"color: #ffff00\">\u201cSe\u00f1or Presidente, no haga caso a esos que dicen que sus informes debe suspenderse. Esta es la \u00fanica manera en que podemos estar bien informados de lo que se est\u00e1 haciendo en el pa\u00eds, es una alegr\u00eda poderle ver todos los s\u00e1bados\u201d, dijo Julia Granda.<\/span><\/p>\n<p><span style=\"color: #0000ff\">Mientras, la joven Lorena Carvajal concord\u00f3 con lo expuesto por Granda a\u00f1adiendo que \u201cpara todos los ecuatorianos debe de ser motivo de alegr\u00eda tener un Presidente que informa de sus actividades a los ciudadanos, \u00e9l (<a href=\"http:\/\/es.wikipedia.org\/wiki\/Rafael_Correa\">Correa<\/a>) no debe de hacer caso a los comentarios de los opositores que quieren que suspenda sus Enlaces porque ellos ya tuvieron su oportunidad y nunca hicieron nada, ni se les ocurri\u00f3 mantenernos informados a lo mejor porque estaban haciendo cosas malas, pero como nuestro Presidente es honesto, \u00e9l s\u00ed nos informa de sus actividades\u201d, dijo la joven.<\/span><\/p>\n<p><span style=\"color: #ff0000\">El Enlace Ciudadano n\u00famero 200 fue pregrabado por el Presidente hoy viernes en el Sal\u00f3n Amarillo debido a que el Jefe de Estado asistir\u00e1 a la inauguraci\u00f3n de la 158 Reuni\u00f3n Extraordinaria de la Organizaci\u00f3n de Pa\u00edses Exportadores de Petr\u00f3leo (<a href=\"http:\/\/es.wikipedia.org\/wiki\/Organizaci%C3%B3n_de_Pa%C3%ADses_Exportadores_de_Petr%C3%B3leo\">OPEP<\/a>), a efectuarse este s\u00e1bado 11 de diciembre, en el Swissotel, en el centro norte de Quito. A\u00c1T\/Prensa Presidencial<\/span><\/p>\n","protected":false},"excerpt":{"rendered":"<p>Quito (Pichincha).- En los bajos del Palacio de Carondelet hubo fiesta. Este d\u00eda viernes 10 de diciembre centenares de ciudadanos acudieron a la Plaza de la Independencia en horas de la ma\u00f1ana para poder coger la mejor ubicaci\u00f3n y de esta manera presenciar el espect\u00e1culo que se present\u00f3 en conmemoraci\u00f3n de los 200 Enlaces Ciudadanos. [&hellip;]<\/p>\n","protected":false},"author":5344,"featured_media":0,"comment_status":"open","ping_status":"open","sticky":false,"template":"","format":"standard","meta":{"footnotes":""},"categories":[1],"tags":[],"class_list":["post-96","post","type-post","status-publish","format-standard","hentry","category-uncategorized"],"_links":{"self":[{"href":"https:\/\/blog.espol.edu.ec\/olgalarrea\/wp-json\/wp\/v2\/posts\/96","targetHints":{"allow":["GET"]}}],"collection":[{"href":"https:\/\/blog.espol.edu.ec\/olgalarrea\/wp-json\/wp\/v2\/posts"}],"about":[{"href":"https:\/\/blog.espol.edu.ec\/olgalarrea\/wp-json\/wp\/v2\/types\/post"}],"author":[{"embeddable":true,"href":"https:\/\/blog.espol.edu.ec\/olgalarrea\/wp-json\/wp\/v2\/users\/5344"}],"replies":[{"embeddable":true,"href":"https:\/\/blog.espol.edu.ec\/olgalarrea\/wp-json\/wp\/v2\/comments?post=96"}],"version-history":[{"count":8,"href":"https:\/\/blog.espol.edu.ec\/olgalarrea\/wp-json\/wp\/v2\/posts\/96\/revisions"}],"predecessor-version":[{"id":103,"href":"https:\/\/blog.espol.edu.ec\/olgalarrea\/wp-json\/wp\/v2\/posts\/96\/revisions\/103"}],"wp:attachment":[{"href":"https:\/\/blog.espol.edu.ec\/olgalarrea\/wp-json\/wp\/v2\/media?parent=96"}],"wp:term":[{"taxonomy":"category","embeddable":true,"href":"https:\/\/blog.espol.edu.ec\/olgalarrea\/wp-json\/wp\/v2\/categories?post=96"},{"taxonomy":"post_tag","embeddable":true,"href":"https:\/\/blog.espol.edu.ec\/olgalarrea\/wp-json\/wp\/v2\/tags?post=96"}],"curies":[{"name":"wp","href":"https:\/\/api.w.org\/{rel}","templated":true}]}}