{"id":73,"date":"2010-08-18T21:33:11","date_gmt":"2010-08-18T21:33:11","guid":{"rendered":"http:\/\/blog.espol.edu.ec\/osita\/?p=73"},"modified":"2010-08-23T17:31:05","modified_gmt":"2010-08-23T17:31:05","slug":"la-diferencia-nos-hizo-amigos","status":"publish","type":"post","link":"https:\/\/blog.espol.edu.ec\/osita\/2010\/08\/18\/la-diferencia-nos-hizo-amigos\/","title":{"rendered":"La diferencia nos hizo amigos"},"content":{"rendered":"<p>Una vez, a cinco pintores, se les propuso un gran proyecto: trabajar en com\u00fan para una gran exposici\u00f3n pict\u00f3rica que tendr\u00eda lugar con motivo del A\u00f1o Nuevo.<\/p>\n<p>Dicho y hecho. Los profesionales de la pintura se pusieron manos a la obra.<\/p>\n<p>Lo cierto es que, el evento, levant\u00f3 gran expectaci\u00f3n en la localidad elegida. Todos los habitantes de aquella poblaci\u00f3n hablaban de lo distintos que eran los pintores y que, precisamente por ello, la ocasi\u00f3n habr\u00eda de ser aprovechada por ellos y por otros tantos hombres y mujeres de la zona.<\/p>\n<p>Pero, un buen d\u00eda, a punto de abrise la exposici\u00f3n los pintores comenzaron a discutir sobre los colores que usaban unos y otros, sobre los temas elegidos, sobre el marco que adornaba el cuadro de cada uno. En definitiva...cayeron en una gran discusi\u00f3n a cuenta de \"las diferencias\" en su pintura.<\/p>\n<p>El conflicto trascendi\u00f3 a la calle. Y toda la ilusi\u00f3n y el entusiasmo que hab\u00edan puesto los moradores de aquel pueblo se fueron desvaneciendo. \u00a1C\u00f3mo es posible que sean incapaces de ponerse de acuerdo!.<\/p>\n<p>Exclamaban.<\/p>\n<p>Por la tarde, cuando estaban a punto de recoger los b\u00e1rtulos, y marcharse los pintores cada uno a su casa de repente, un ni\u00f1o, se col\u00f3 por una ventana y dijo: \"\u00a1uy..que cuadros tan diferentes y tan bonitos todos....no hab\u00eda visto nunca una cosa igual\".<\/p>\n<p>Los profesionales de la pintura se miraron sonrrojados, unos a otros, y abraz\u00e1ndose y ri\u00e9ndose de s\u00ed mismos dijeron: \"es verdad...es mucho m\u00e1s lo que esperan de nosotros, y lo que descubren en nuestras diferencias que lo que nosotros discutimos de ellas\". Y dicen, que le exposici\u00f2n llev\u00f3 este t\u00edtulo: \"La diferencia nos hizo amigos<\/p>\n","protected":false},"excerpt":{"rendered":"<p>Una vez, a cinco pintores, se les propuso un gran proyecto: trabajar en com\u00fan para una gran exposici\u00f3n pict\u00f3rica que tendr\u00eda lugar con motivo del A\u00f1o Nuevo. Dicho y hecho. Los profesionales de la pintura se pusieron manos a la obra. Lo cierto es que, el evento, levant\u00f3 gran expectaci\u00f3n en la localidad elegida. Todos [&hellip;]<\/p>\n","protected":false},"author":4611,"featured_media":0,"comment_status":"open","ping_status":"open","sticky":false,"template":"","format":"standard","meta":{"footnotes":""},"categories":[1],"tags":[],"class_list":["post-73","post","type-post","status-publish","format-standard","hentry","category-uncategorized"],"_links":{"self":[{"href":"https:\/\/blog.espol.edu.ec\/osita\/wp-json\/wp\/v2\/posts\/73","targetHints":{"allow":["GET"]}}],"collection":[{"href":"https:\/\/blog.espol.edu.ec\/osita\/wp-json\/wp\/v2\/posts"}],"about":[{"href":"https:\/\/blog.espol.edu.ec\/osita\/wp-json\/wp\/v2\/types\/post"}],"author":[{"embeddable":true,"href":"https:\/\/blog.espol.edu.ec\/osita\/wp-json\/wp\/v2\/users\/4611"}],"replies":[{"embeddable":true,"href":"https:\/\/blog.espol.edu.ec\/osita\/wp-json\/wp\/v2\/comments?post=73"}],"version-history":[{"count":3,"href":"https:\/\/blog.espol.edu.ec\/osita\/wp-json\/wp\/v2\/posts\/73\/revisions"}],"predecessor-version":[{"id":96,"href":"https:\/\/blog.espol.edu.ec\/osita\/wp-json\/wp\/v2\/posts\/73\/revisions\/96"}],"wp:attachment":[{"href":"https:\/\/blog.espol.edu.ec\/osita\/wp-json\/wp\/v2\/media?parent=73"}],"wp:term":[{"taxonomy":"category","embeddable":true,"href":"https:\/\/blog.espol.edu.ec\/osita\/wp-json\/wp\/v2\/categories?post=73"},{"taxonomy":"post_tag","embeddable":true,"href":"https:\/\/blog.espol.edu.ec\/osita\/wp-json\/wp\/v2\/tags?post=73"}],"curies":[{"name":"wp","href":"https:\/\/api.w.org\/{rel}","templated":true}]}}