{"id":76,"date":"2011-07-18T20:29:23","date_gmt":"2011-07-19T01:29:23","guid":{"rendered":"http:\/\/blog.espol.edu.ec\/ottosantos\/?p=76"},"modified":"2011-07-18T20:29:23","modified_gmt":"2011-07-19T01:29:23","slug":"3-jugadores-de-barcelona-a-la-seleccion-sub-20","status":"publish","type":"post","link":"https:\/\/blog.espol.edu.ec\/ottosantos\/2011\/07\/18\/3-jugadores-de-barcelona-a-la-seleccion-sub-20\/","title":{"rendered":"3 jugadores de Barcelona a la Selecci\u00f2n sub 20"},"content":{"rendered":"<p>Se dio a conocer por parte de la FEF y su t\u00e9cnico Sixto Vizuete, la n\u00f3mina oficial de los convocados para el Mundial sub 20 a realizarse en Colombia y en la misma resalta los nombres de tres jugadores de nuestra Instituci\u00f3n.<\/p>\n<p>Nuestros j\u00f3venes valores que formar\u00e1n parte de la selecci\u00f3n en la cita mundialista son: Christian Cruz, Brayan De La Torre y Dennis Qui\u00f1onez.<br \/>\nCabe se\u00f1alar que la selecci\u00f3n ecuatoriana de la categor\u00eda Sub20 arranca su participaci\u00f3n mundialista el domingo 31 de Julio ante Australia, el mi\u00e9rcoles 3 de agosto se enfrentar\u00e1 a Espa\u00f1a y finalmente jugar\u00e1 el s\u00e1bado 6 de agosto ante Costa Rica.<\/p>\n<p style=\"text-align: center\"><a href=\"..\/files\/2011\/07\/seleccionados_sub201.jpg\"><img loading=\"lazy\" decoding=\"async\" class=\"aligncenter\" title=\"seleccionados sub20\" src=\"..\/files\/2011\/07\/seleccionados_sub201-300x187.jpg\" alt=\"\" width=\"300\" height=\"187\" \/><\/a><\/p>\n","protected":false},"excerpt":{"rendered":"<p>Se dio a conocer por parte de la FEF y su t\u00e9cnico Sixto Vizuete, la n\u00f3mina oficial de los convocados para el Mundial sub 20 a realizarse en Colombia y en la misma resalta los nombres de tres jugadores de nuestra Instituci\u00f3n. Nuestros j\u00f3venes valores que formar\u00e1n parte de la selecci\u00f3n en la cita mundialista [&hellip;]<\/p>\n","protected":false},"author":6597,"featured_media":0,"comment_status":"open","ping_status":"open","sticky":false,"template":"","format":"standard","meta":{"footnotes":""},"categories":[1257],"tags":[],"class_list":["post-76","post","type-post","status-publish","format-standard","hentry","category-actualidad"],"_links":{"self":[{"href":"https:\/\/blog.espol.edu.ec\/ottosantos\/wp-json\/wp\/v2\/posts\/76","targetHints":{"allow":["GET"]}}],"collection":[{"href":"https:\/\/blog.espol.edu.ec\/ottosantos\/wp-json\/wp\/v2\/posts"}],"about":[{"href":"https:\/\/blog.espol.edu.ec\/ottosantos\/wp-json\/wp\/v2\/types\/post"}],"author":[{"embeddable":true,"href":"https:\/\/blog.espol.edu.ec\/ottosantos\/wp-json\/wp\/v2\/users\/6597"}],"replies":[{"embeddable":true,"href":"https:\/\/blog.espol.edu.ec\/ottosantos\/wp-json\/wp\/v2\/comments?post=76"}],"version-history":[{"count":4,"href":"https:\/\/blog.espol.edu.ec\/ottosantos\/wp-json\/wp\/v2\/posts\/76\/revisions"}],"predecessor-version":[{"id":82,"href":"https:\/\/blog.espol.edu.ec\/ottosantos\/wp-json\/wp\/v2\/posts\/76\/revisions\/82"}],"wp:attachment":[{"href":"https:\/\/blog.espol.edu.ec\/ottosantos\/wp-json\/wp\/v2\/media?parent=76"}],"wp:term":[{"taxonomy":"category","embeddable":true,"href":"https:\/\/blog.espol.edu.ec\/ottosantos\/wp-json\/wp\/v2\/categories?post=76"},{"taxonomy":"post_tag","embeddable":true,"href":"https:\/\/blog.espol.edu.ec\/ottosantos\/wp-json\/wp\/v2\/tags?post=76"}],"curies":[{"name":"wp","href":"https:\/\/api.w.org\/{rel}","templated":true}]}}