{"id":666,"date":"2012-09-25T10:06:26","date_gmt":"2012-09-25T14:06:26","guid":{"rendered":"http:\/\/blog.espol.edu.ec\/pechever\/?p=666"},"modified":"2012-09-25T10:11:50","modified_gmt":"2012-09-25T14:11:50","slug":"nomadas-del-conocimiento","status":"publish","type":"post","link":"https:\/\/blog.espol.edu.ec\/pechever\/2012\/09\/25\/nomadas-del-conocimiento\/","title":{"rendered":"N\u00f3madas del conocimiento"},"content":{"rendered":"<p>He estado leyendo de los periodos de movimiento de los\u00a0n\u00f3madas\u00a0en el desierto del Sahara, con la comparaci\u00f3n de desiertos de otros tipos como el \u00c1rtico en donde sus habitantes tienen que hacer innovaciones continuas para buscar la adaptaci\u00f3n.<\/p>\n<p>Esto me produjo una reflexi\u00f3n, ser\u00e1 que nuestro aborigen interno extra\u00f1a esos momentos, o sea buscar nuevas tierras para ubicarse y poder explotar los recursos. Este ciclo se repite buscando nuevas fuentes que motiven sus estados: espiritual,\u00a0f\u00edsico\u00a0y mental.<\/p>\n<p>Moverse de un lado para otro tambien es comparativo con las personas que lo hacen en las \u00e1reas del conocimiento son n\u00f3madas del conocimiento y de su explotaci\u00f3n como estados de la innovaci\u00f3n, pasan de 2 a 3 a\u00f1os con algo, luego lo aprenden y finalmente cuando ven que alguien se los copia comienzan a moverse a otras \u00e1reas, si es que ya no se han movido.<\/p>\n<p>Recientemente escuche la entrevista de un ex Presidente Ecuatoriano, el Dr. Rodrigo Borja, quien de forma\u00a0expl\u00edcita\u00a0explicaba c\u00f3mo era un\u00a0n\u00f3mada\u00a0del conocimiento y \u00a0se mov\u00eda de una pr\u00e1ctica a otra pr\u00e1ctica. Ahora dedicado a escribir y a otras actividades, narr\u00f3 su secreto \"el aprovechamiento del tiempo\".<\/p>\n<p>Pero la fusi\u00f3n de la pr\u00e1ctica de ser\u00a0n\u00f3mada\u00a0es de tipo multidisciplinario, por lo tanto es de un artista producir la combinaci\u00f3n de las actividades que de forma \u00a0generen una\u00a0sinerg\u00eda de beneficios.<\/p>\n<p>&nbsp;<\/p>\n<p>&nbsp;<\/p>\n","protected":false},"excerpt":{"rendered":"<p>He estado leyendo de los periodos de movimiento de los\u00a0n\u00f3madas\u00a0en el desierto del Sahara, con la comparaci\u00f3n de desiertos de otros tipos como el \u00c1rtico en donde sus habitantes tienen que hacer innovaciones continuas para buscar la adaptaci\u00f3n. Esto me &hellip; <a href=\"https:\/\/blog.espol.edu.ec\/pechever\/2012\/09\/25\/nomadas-del-conocimiento\/\">Sigue leyendo <span class=\"meta-nav\">&rarr;<\/span><\/a><\/p>\n","protected":false},"author":5,"featured_media":0,"comment_status":"open","ping_status":"closed","sticky":false,"template":"","format":"standard","meta":{"_monsterinsights_skip_tracking":false,"_monsterinsights_sitenote_active":false,"_monsterinsights_sitenote_note":"","_monsterinsights_sitenote_category":0,"footnotes":""},"categories":[1,1523],"tags":[93,18373,90966],"class_list":["post-666","post","type-post","status-publish","format-standard","hentry","category-general","category-opinion","tag-arte","tag-movimiento","tag-nomadas-del-conocimiento"],"_links":{"self":[{"href":"https:\/\/blog.espol.edu.ec\/pechever\/wp-json\/wp\/v2\/posts\/666","targetHints":{"allow":["GET"]}}],"collection":[{"href":"https:\/\/blog.espol.edu.ec\/pechever\/wp-json\/wp\/v2\/posts"}],"about":[{"href":"https:\/\/blog.espol.edu.ec\/pechever\/wp-json\/wp\/v2\/types\/post"}],"author":[{"embeddable":true,"href":"https:\/\/blog.espol.edu.ec\/pechever\/wp-json\/wp\/v2\/users\/5"}],"replies":[{"embeddable":true,"href":"https:\/\/blog.espol.edu.ec\/pechever\/wp-json\/wp\/v2\/comments?post=666"}],"version-history":[{"count":5,"href":"https:\/\/blog.espol.edu.ec\/pechever\/wp-json\/wp\/v2\/posts\/666\/revisions"}],"predecessor-version":[{"id":670,"href":"https:\/\/blog.espol.edu.ec\/pechever\/wp-json\/wp\/v2\/posts\/666\/revisions\/670"}],"wp:attachment":[{"href":"https:\/\/blog.espol.edu.ec\/pechever\/wp-json\/wp\/v2\/media?parent=666"}],"wp:term":[{"taxonomy":"category","embeddable":true,"href":"https:\/\/blog.espol.edu.ec\/pechever\/wp-json\/wp\/v2\/categories?post=666"},{"taxonomy":"post_tag","embeddable":true,"href":"https:\/\/blog.espol.edu.ec\/pechever\/wp-json\/wp\/v2\/tags?post=666"}],"curies":[{"name":"wp","href":"https:\/\/api.w.org\/{rel}","templated":true}]}}