{"id":346,"date":"2009-07-26T17:53:31","date_gmt":"2009-07-26T22:53:31","guid":{"rendered":"http:\/\/blog.espol.edu.ec\/people\/?p=346"},"modified":"2009-09-28T00:14:32","modified_gmt":"2009-09-28T05:14:32","slug":"trebol-te-equivocastes","status":"publish","type":"post","link":"https:\/\/blog.espol.edu.ec\/people\/trebol-te-equivocastes\/","title":{"rendered":"Trebol - Te Equivocaste"},"content":{"rendered":"<p>Hace unos d\u00edas recib\u00ed un link en el messenger de parte de un amigo, para que vea un video de un nueva banda ecuatoriana de la cual est\u00e1 manejando; y como siempre la curiosidad es la que gana. Realmente su m\u00fasica me pareci\u00f3 super buena; les hablo de la banda <strong>TREBOL<\/strong> con su canci\u00f3n <strong>TE EQUIVOCASTE<\/strong>, el video musical es sencillo pero bien producido, de buena calidad con su toque de creatividad y originalidad.<\/p>\n<p>Para todos los que les gusta apoyar al talento nacional espero que tambi\u00e9n les guste, ya que de mi parte esta banda est\u00e1 empezando bien y la mejor manera de apoyarlos es pidiendo en las radios sus canciones.<a href=\"http:\/\/spreadsheets.google.com\/viewform?formkey=dFVyYVJER3FsYVFqRzRwWU9qQllTTnc6MA..\"><br \/>\n<\/a><\/p>\n<p>Asi que esperemos \u00e9xitos para esta banda!!!<\/p>\n<p><object width=\"320\" height=\"265\" data=\"http:\/\/www.youtube.com\/v\/8Tz_OidVYmQ&amp;hl=es&amp;fs=1&amp;color1=0x006699&amp;color2=0x54abd6\" type=\"application\/x-shockwave-flash\"><param name=\"allowFullScreen\" value=\"true\" \/><param name=\"allowscriptaccess\" value=\"always\" \/><param name=\"src\" value=\"http:\/\/www.youtube.com\/v\/8Tz_OidVYmQ&amp;hl=es&amp;fs=1&amp;color1=0x006699&amp;color2=0x54abd6\" \/><\/object><\/p>\n","protected":false},"excerpt":{"rendered":"<p>Hace unos d\u00edas recib\u00ed un link en el messenger de parte de un amigo, para que vea un video de un nueva banda ecuatoriana de la cual est\u00e1 manejando; y como siempre la curiosidad es la que gana. Realmente su m\u00fasica me pareci\u00f3 super buena; les hablo de la banda TREBOL con su canci\u00f3n TE [&hellip;]<\/p>\n","protected":false},"author":92,"featured_media":0,"comment_status":"open","ping_status":"open","sticky":false,"template":"","format":"standard","meta":{"footnotes":""},"categories":[1538],"tags":[6814,9960,9961,9958],"class_list":["post-346","post","type-post","status-publish","format-standard","hentry","category-videos-musicales","tag-banda","tag-ecuatoriano","tag-te-equivocaste","tag-trebol"],"_links":{"self":[{"href":"https:\/\/blog.espol.edu.ec\/people\/wp-json\/wp\/v2\/posts\/346","targetHints":{"allow":["GET"]}}],"collection":[{"href":"https:\/\/blog.espol.edu.ec\/people\/wp-json\/wp\/v2\/posts"}],"about":[{"href":"https:\/\/blog.espol.edu.ec\/people\/wp-json\/wp\/v2\/types\/post"}],"author":[{"embeddable":true,"href":"https:\/\/blog.espol.edu.ec\/people\/wp-json\/wp\/v2\/users\/92"}],"replies":[{"embeddable":true,"href":"https:\/\/blog.espol.edu.ec\/people\/wp-json\/wp\/v2\/comments?post=346"}],"version-history":[{"count":15,"href":"https:\/\/blog.espol.edu.ec\/people\/wp-json\/wp\/v2\/posts\/346\/revisions"}],"predecessor-version":[{"id":350,"href":"https:\/\/blog.espol.edu.ec\/people\/wp-json\/wp\/v2\/posts\/346\/revisions\/350"}],"wp:attachment":[{"href":"https:\/\/blog.espol.edu.ec\/people\/wp-json\/wp\/v2\/media?parent=346"}],"wp:term":[{"taxonomy":"category","embeddable":true,"href":"https:\/\/blog.espol.edu.ec\/people\/wp-json\/wp\/v2\/categories?post=346"},{"taxonomy":"post_tag","embeddable":true,"href":"https:\/\/blog.espol.edu.ec\/people\/wp-json\/wp\/v2\/tags?post=346"}],"curies":[{"name":"wp","href":"https:\/\/api.w.org\/{rel}","templated":true}]}}