{"id":106,"date":"2021-02-10T04:52:08","date_gmt":"2021-02-10T03:52:08","guid":{"rendered":"http:\/\/blog.espol.edu.ec\/plantasmedicinales\/?p=106"},"modified":"2021-02-10T04:52:20","modified_gmt":"2021-02-10T03:52:20","slug":"abrotano-hembra-santolina-chamaecyparissus","status":"publish","type":"post","link":"https:\/\/blog.espol.edu.ec\/plantasmedicinales\/abrotano-hembra-santolina-chamaecyparissus\/","title":{"rendered":"Abrotano hembra - Santolina chamaecyparissus"},"content":{"rendered":"<p><img loading=\"lazy\" decoding=\"async\" class=\"aligncenter size-full wp-image-107\" src=\"http:\/\/blog.espol.edu.ec\/plantasmedicinales\/files\/2021\/02\/Abrotano-hembra-Santolina-chamaecyparissus.jpg\" alt=\"Abrotano hembra - Santolina chamaecyparissus\" width=\"800\" height=\"600\" srcset=\"https:\/\/blog.espol.edu.ec\/plantasmedicinales\/files\/2021\/02\/Abrotano-hembra-Santolina-chamaecyparissus.jpg 800w, https:\/\/blog.espol.edu.ec\/plantasmedicinales\/files\/2021\/02\/Abrotano-hembra-Santolina-chamaecyparissus-300x225.jpg 300w, https:\/\/blog.espol.edu.ec\/plantasmedicinales\/files\/2021\/02\/Abrotano-hembra-Santolina-chamaecyparissus-768x576.jpg 768w\" sizes=\"auto, (max-width: 800px) 100vw, 800px\" \/><\/p>\n<p style=\"text-align: justify\"><b>Planta:\u00a0<\/b>Abrotano hembra\u00a0<strong>Nombre Cient\u00edfico:<\/strong>\u00a0Santolina chamaecyparissus<\/p>\n<p style=\"text-align: justify\"><b>Otros nombres:\u00a0<\/b>Brotano,\u00a0Espernallac,\u00a0Herba de Sant Joan,\u00a0Hierba piojera<\/p>\n<p style=\"text-align: justify\"><b>Usos comunes:\u00a0<\/b>Antis\u00e9ptico,\u00a0Digestivo,\u00a0Expectorante<\/p>\n<p style=\"text-align: justify\"><b>Descripci\u00f3n:<\/b>\u00a0El abrotano hembra es una peque\u00f1a\u00a0<strong>mata<\/strong>\u00a0que no crece m\u00e1s de 3 palmos. Posee numerosos\u00a0<strong>tallos<\/strong>\u00a0delgados y empinados. Las\u00a0<strong>hojas<\/strong>\u00a0son lineales y van desapareciendo a medida que se asciende por la sumidad, hasta dejar un trecho completamente desnudo. Las cabezuelas tienen todas las\u00a0<strong>flores<\/strong>\u00a0iguales, algunas veces muy velludas y otras veces muy verdes, casi sin pelo.<\/p>\n<p>Se cr\u00eda en los collados pedregosos de los terrenos calc\u00e1reos de gran parte del pa\u00eds, desde la costa hasta altitudes pr\u00f3ximas a los 2000 m. Escasea por Asturias y Galicia.<\/p>\n<p style=\"text-align: justify\"><b>Floraci\u00f3n:\u00a0<\/b>Florece en junio, m\u00e1s o menos por San Juan, y esta \u00e9poca se prolonga durante gran parte del verano. En algunas zonas del sur suele echar las\u00a0<strong>flores<\/strong>\u00a0un poco antes. De la recolecci\u00f3n interesa la sumidad florida, que se recoge en verano, poni\u00e9ndose a secar a la sombra o en secadero. Como la planta posee una esencia, el envasado debe ser herm\u00e9tico para no perderla.<\/p>\n<p style=\"text-align: justify\"><b>Aplicaci\u00f3n:\u00a0<\/b>El abrotano hembra es muy rico en esencia, aunque la cantidad que presenta var\u00eda mucho en funci\u00f3n de la raza, el lugar en donde se desarrolla y el estado en que se encuentre. La composici\u00f3n de la esencia todav\u00eda est\u00e1 por definir; se cree que contiene cetonas terp\u00e9nicas y azuleno, adem\u00e1s de un alcohol, pero no hay nada confirmado, ya que algunos estudios que se hab\u00edan realizado correspond\u00edan a las esencias de otras\u00a0<strong>especies<\/strong>.<\/p>\n<p style=\"text-align: justify\">En Espa\u00f1a, a las cabezuelas del abrotano hembra se les atribuyen virtudes parecidas a la manzanilla, esto es, se consideran aperitivas, digestivas, antis\u00e9pticas, expectorantes y cicatrizantes. En realidad, las primeras virtudes que se atribuyeron a las sumidades floridas del abrotano fueron las de la manzanilla, siendo m\u00e1s tarde cuando se observ\u00f3 que era tambi\u00e9n vulneraria, emenagoga e incluso verm\u00edfuga.<\/p>\n<p style=\"text-align: justify\">Est\u00e1 perfectamente indicada en digestiones lentas, gases intestinales, dolores menstruales, bronquitis,\u00a0<strong>asma<\/strong>, anorexia y espasmos gastrointestinales. En uso externo se usa sobre todo en infusi\u00f3n para la conjuntivitis, inflamaci\u00f3n de los p\u00e1rpados o blefaritis, estomatitis y vaginitis. Como siempre que tenemos una esencia, hay que guardar las debidas precauciones, sobre todo en ni\u00f1os, por ser los m\u00e1s susceptibles de sufrir intoxicaci\u00f3n.<\/p>\n<p style=\"text-align: justify\">En nuestra Pen\u00ednsula crecen varias\u00a0<strong>especies<\/strong>\u00a0de santolina -por el momento han sido poco estudiadas- muy parecidas al abrotano hembra. Al no disponerse de documentaci\u00f3n sobre las otras especies, cabe pensar que podr\u00eda haber alguna t\u00f3xica, por lo que la recolecci\u00f3n debe dejarse en manos de expertos. Si queremos aprovechar sus virtudes, lo mejor es acudir a alg\u00fan experto en la materia a fin de que pueda asesorarnos.<\/p>\n<p style=\"text-align: justify\"><b>Administraci\u00f3n:\u00a0<\/b>.- Infusi\u00f3n. Se recogen unos 5-8 cap\u00edtulos florales y se a\u00f1aden a una taza de agua hirviendo.<\/p>\n<p style=\"text-align: justify\">De esta\u00a0<strong>tisana<\/strong>\u00a0se pueden tomar hasta 3 tazas al d\u00eda.<\/p>\n<p style=\"text-align: justify\"><strong>.- Esencia.<\/strong> La esencia ya preparada se puede tomar a raz\u00f3n de 3-4 gotas, a\u00f1adidas sobre un terr\u00f3n de az\u00facar, 3 veces al d\u00eda.<\/p>\n<p style=\"text-align: justify\">.<strong>- Uso externo.<\/strong> La misma infusi\u00f3n anterior pero m\u00e1s concentrada se puede emplear en forma de colirios, ba\u00f1os oculares, enemas o irrigaciones vaginales.<\/p>\n","protected":false},"excerpt":{"rendered":"<p>Planta:\u00a0Abrotano hembra\u00a0Nombre Cient\u00edfico:\u00a0Santolina chamaecyparissus Otros nombres:\u00a0Brotano,\u00a0Espernallac,\u00a0Herba de Sant Joan,\u00a0Hierba piojera Usos comunes:\u00a0Antis\u00e9ptico,\u00a0Digestivo,\u00a0Expectorante Descripci\u00f3n:\u00a0El abrotano hembra es una peque\u00f1a\u00a0mata\u00a0que no crece m\u00e1s de 3 palmos. Posee numerosos\u00a0tallos\u00a0delgados y empinados. Las\u00a0hojas\u00a0son lineales y van desapareciendo a medida que se asciende por la sumidad, hasta dejar un trecho completamente desnudo. Las cabezuelas tienen todas las\u00a0flores\u00a0iguales, algunas veces muy &hellip; <\/p>\n<p><a class=\"more-link btn\" href=\"https:\/\/blog.espol.edu.ec\/plantasmedicinales\/abrotano-hembra-santolina-chamaecyparissus\/\">Seguir leyendo<\/a><\/p>\n","protected":false},"author":10868,"featured_media":107,"comment_status":"open","ping_status":"open","sticky":false,"template":"","format":"standard","meta":{"footnotes":""},"categories":[2261],"tags":[],"class_list":["post-106","post","type-post","status-publish","format-standard","has-post-thumbnail","hentry","category-plantas-medicinales","nodate","item-wrap"],"aioseo_notices":[],"_links":{"self":[{"href":"https:\/\/blog.espol.edu.ec\/plantasmedicinales\/wp-json\/wp\/v2\/posts\/106","targetHints":{"allow":["GET"]}}],"collection":[{"href":"https:\/\/blog.espol.edu.ec\/plantasmedicinales\/wp-json\/wp\/v2\/posts"}],"about":[{"href":"https:\/\/blog.espol.edu.ec\/plantasmedicinales\/wp-json\/wp\/v2\/types\/post"}],"author":[{"embeddable":true,"href":"https:\/\/blog.espol.edu.ec\/plantasmedicinales\/wp-json\/wp\/v2\/users\/10868"}],"replies":[{"embeddable":true,"href":"https:\/\/blog.espol.edu.ec\/plantasmedicinales\/wp-json\/wp\/v2\/comments?post=106"}],"version-history":[{"count":2,"href":"https:\/\/blog.espol.edu.ec\/plantasmedicinales\/wp-json\/wp\/v2\/posts\/106\/revisions"}],"predecessor-version":[{"id":109,"href":"https:\/\/blog.espol.edu.ec\/plantasmedicinales\/wp-json\/wp\/v2\/posts\/106\/revisions\/109"}],"wp:featuredmedia":[{"embeddable":true,"href":"https:\/\/blog.espol.edu.ec\/plantasmedicinales\/wp-json\/wp\/v2\/media\/107"}],"wp:attachment":[{"href":"https:\/\/blog.espol.edu.ec\/plantasmedicinales\/wp-json\/wp\/v2\/media?parent=106"}],"wp:term":[{"taxonomy":"category","embeddable":true,"href":"https:\/\/blog.espol.edu.ec\/plantasmedicinales\/wp-json\/wp\/v2\/categories?post=106"},{"taxonomy":"post_tag","embeddable":true,"href":"https:\/\/blog.espol.edu.ec\/plantasmedicinales\/wp-json\/wp\/v2\/tags?post=106"}],"curies":[{"name":"wp","href":"https:\/\/api.w.org\/{rel}","templated":true}]}}