{"id":42,"date":"2011-01-18T16:03:33","date_gmt":"2011-01-18T16:03:33","guid":{"rendered":"http:\/\/blog.espol.edu.ec\/ppgonzal\/?p=42"},"modified":"2011-01-18T16:06:20","modified_gmt":"2011-01-18T16:06:20","slug":"las-tres-rejas","status":"publish","type":"post","link":"https:\/\/blog.espol.edu.ec\/ppgonzal\/2011\/01\/18\/las-tres-rejas\/","title":{"rendered":"Las tres rejas"},"content":{"rendered":"<p style=\"text-align: center\"><img loading=\"lazy\" decoding=\"async\" class=\"aligncenter\" src=\"http:\/\/sphotos.ak.fbcdn.net\/hphotos-ak-ash1\/hs330.ash1\/28662_123488541014517_112066462156725_197604_2685904_n.jpg\" alt=\"\" width=\"288\" height=\"216\" \/><\/p>\n<p><strong>Un joven disc\u00edpulo de un fil\u00f3sofo sabio llega a casa de \u00e9ste y le dice:<\/strong><\/p>\n<p><strong>-Oye, maestro, un amigo tuyo estuvo hablando de t\u00ed con malevolencia......<\/strong><\/p>\n<p><strong>-\u00a1Espera! --lo interrumpe el fil\u00f3sofo-- \u00bfYa hiciste pasar por las tres rejas lo que vas a contarme?<\/strong><\/p>\n<p><strong>-\u00bfLas tres rejas?<\/strong><\/p>\n<p><strong>- S\u00ed. La primera es la verdad. \u00bfEst\u00e1s seguro que lo que quieres decirme es absolutamente cierto?<\/strong><\/p>\n<p><strong>-No. Lo o\u00ed comentar a unos vecinos<\/strong><\/p>\n<p><strong>-Al menos lo habr\u00e1s hecho pasar por la segunda reja, que es la bondad. - Eso que deseas decirme, \u00bfes bueno para alguien?<\/strong><\/p>\n<p style=\"text-align: center\">\n<p><strong>- No, en realidad no. Al contrario...<\/strong><\/p>\n<p><strong>-\u00a1Ah, vaya! La \u00faltima reja es la necesidad \u00bfEs necesario hacerme saber esto que tanto te inquieta?<\/strong><\/p>\n<p><strong>-A decir verdad, no.<\/strong><\/p>\n<p><strong>-Entonces. --dijo el sabio sonriendo--, si no es verdadero, ni bueno, ni necesario, sepult\u00e9moslo en el olvido.<\/strong><\/p>\n","protected":false},"excerpt":{"rendered":"<p>Un joven disc\u00edpulo de un fil\u00f3sofo sabio llega a casa de \u00e9ste y le dice: -Oye, maestro, un amigo tuyo estuvo hablando de t\u00ed con malevolencia...... -\u00a1Espera! --lo interrumpe el fil\u00f3sofo-- \u00bfYa hiciste pasar por las tres rejas lo que vas a contarme? -\u00bfLas tres rejas? - S\u00ed. La primera es la verdad. \u00bfEst\u00e1s seguro [&hellip;]<\/p>\n","protected":false},"author":5599,"featured_media":0,"comment_status":"open","ping_status":"open","sticky":false,"template":"","format":"standard","meta":{"footnotes":""},"categories":[18768],"tags":[],"class_list":["post-42","post","type-post","status-publish","format-standard","hentry","category-memorias"],"_links":{"self":[{"href":"https:\/\/blog.espol.edu.ec\/ppgonzal\/wp-json\/wp\/v2\/posts\/42","targetHints":{"allow":["GET"]}}],"collection":[{"href":"https:\/\/blog.espol.edu.ec\/ppgonzal\/wp-json\/wp\/v2\/posts"}],"about":[{"href":"https:\/\/blog.espol.edu.ec\/ppgonzal\/wp-json\/wp\/v2\/types\/post"}],"author":[{"embeddable":true,"href":"https:\/\/blog.espol.edu.ec\/ppgonzal\/wp-json\/wp\/v2\/users\/5599"}],"replies":[{"embeddable":true,"href":"https:\/\/blog.espol.edu.ec\/ppgonzal\/wp-json\/wp\/v2\/comments?post=42"}],"version-history":[{"count":6,"href":"https:\/\/blog.espol.edu.ec\/ppgonzal\/wp-json\/wp\/v2\/posts\/42\/revisions"}],"predecessor-version":[{"id":48,"href":"https:\/\/blog.espol.edu.ec\/ppgonzal\/wp-json\/wp\/v2\/posts\/42\/revisions\/48"}],"wp:attachment":[{"href":"https:\/\/blog.espol.edu.ec\/ppgonzal\/wp-json\/wp\/v2\/media?parent=42"}],"wp:term":[{"taxonomy":"category","embeddable":true,"href":"https:\/\/blog.espol.edu.ec\/ppgonzal\/wp-json\/wp\/v2\/categories?post=42"},{"taxonomy":"post_tag","embeddable":true,"href":"https:\/\/blog.espol.edu.ec\/ppgonzal\/wp-json\/wp\/v2\/tags?post=42"}],"curies":[{"name":"wp","href":"https:\/\/api.w.org\/{rel}","templated":true}]}}