{"id":2354,"date":"2013-11-19T20:42:08","date_gmt":"2013-11-19T13:42:08","guid":{"rendered":"http:\/\/blog.espol.edu.ec\/protal\/?p=2354"},"modified":"2013-11-19T21:03:19","modified_gmt":"2013-11-19T14:03:19","slug":"reglamento-de-etiquetado-de-alimentos","status":"publish","type":"post","link":"https:\/\/blog.espol.edu.ec\/protal\/?p=2354","title":{"rendered":"Reglamento de Etiquetado de Alimentos, 2013-11-19"},"content":{"rendered":"<p>&nbsp;<\/p>\n<p>Ver el link: \u00a0<a href=\"http:\/\/blog.espol.edu.ec\/protal\/?attachment_id=2355\" rel=\"attachment wp-att-2355\">Reglamento Etiquetado de Alimentos<\/a><\/p>\n<p>&nbsp;<\/p>\n<figure id=\"attachment_2366\" aria-describedby=\"caption-attachment-2366\" style=\"width: 300px\" class=\"wp-caption alignleft\"><img loading=\"lazy\" decoding=\"async\" class=\"size-medium wp-image-2366\" alt=\"Colores en nuevo formato de etiquetado\" src=\"http:\/\/blog.espol.edu.ec\/protal\/files\/2013\/11\/19-11-13-etiquetas-300x200.jpg\" width=\"300\" height=\"200\" srcset=\"https:\/\/blog.espol.edu.ec\/protal\/files\/2013\/11\/19-11-13-etiquetas-300x200.jpg 300w, https:\/\/blog.espol.edu.ec\/protal\/files\/2013\/11\/19-11-13-etiquetas.jpg 740w\" sizes=\"auto, (max-width: 300px) 100vw, 300px\" \/><figcaption id=\"caption-attachment-2366\" class=\"wp-caption-text\">Colores en nuevo formato de etiquetado<\/figcaption><\/figure>\n<p>Con el objetivo de disminuir los \u00edndices de sobrepeso y obesidad que se registran entre los ecuatorianos, el Gobierno Nacional, a trav\u00e9s de los ministerios de Salud y Coordinador de la Producci\u00f3n, emiti\u00f3 ayer el Reglamento para el Etiquetado de Alimentos Procesados para Consumo Humano, que determina que las industrias deben publicar los niveles de grasa, az\u00facar y sal que contienen los productos.<\/p>\n<p>La ministra de Salud, Carina Vance, anunci\u00f3 que las industrias tendr\u00e1n un plazo de seis meses para establecer el \u2018etiquetado frontal\u2019, en el que constar\u00e1 el nivel de grasa, az\u00facar y sal que contienen los alimentos, as\u00ed como si tienen o no transg\u00e9nicos.<\/p>\n<p>\u201cEn el etiquetado frontal vamos a tener el color rojo si hay un componente alto en grasa, az\u00facar o sal; amarillo si tiene un contenido medio en estos ingredientes y verde si es bajo\u201d, inform\u00f3 Vance.<\/p>\n<p>&nbsp;<\/p>\n<p>LEER NOTICIA COMPLETA EN: \u00a0<a href=\"http:\/\/www.telegrafo.com.ec\/economia\/item\/etiquetas-alertaran-sobre-contenidos-nocivos-para-la-salud.html\">http:\/\/www.telegrafo.com.ec\/economia\/item\/etiquetas-alertaran-sobre-contenidos-nocivos-para-la-salud.html<\/a><\/p>\n","protected":false},"excerpt":{"rendered":"<p>&nbsp; Ver el link: \u00a0Reglamento Etiquetado de Alimentos &nbsp; Con el objetivo de disminuir los \u00edndices de sobrepeso y obesidad que se registran entre los ecuatorianos, el Gobierno Nacional, a trav\u00e9s de los ministerios de Salud y Coordinador de la Producci\u00f3n, emiti\u00f3 ayer el Reglamento para el Etiquetado de Alimentos Procesados para Consumo Humano, que [&hellip;]<\/p>\n","protected":false},"author":411,"featured_media":0,"comment_status":"open","ping_status":"closed","sticky":false,"template":"","format":"standard","meta":{"footnotes":""},"categories":[832938,85],"tags":[],"class_list":["post-2354","post","type-post","status-publish","format-standard","hentry","category-noticias","category-reglamentos"],"_links":{"self":[{"href":"https:\/\/blog.espol.edu.ec\/protal\/index.php?rest_route=\/wp\/v2\/posts\/2354","targetHints":{"allow":["GET"]}}],"collection":[{"href":"https:\/\/blog.espol.edu.ec\/protal\/index.php?rest_route=\/wp\/v2\/posts"}],"about":[{"href":"https:\/\/blog.espol.edu.ec\/protal\/index.php?rest_route=\/wp\/v2\/types\/post"}],"author":[{"embeddable":true,"href":"https:\/\/blog.espol.edu.ec\/protal\/index.php?rest_route=\/wp\/v2\/users\/411"}],"replies":[{"embeddable":true,"href":"https:\/\/blog.espol.edu.ec\/protal\/index.php?rest_route=%2Fwp%2Fv2%2Fcomments&post=2354"}],"version-history":[{"count":9,"href":"https:\/\/blog.espol.edu.ec\/protal\/index.php?rest_route=\/wp\/v2\/posts\/2354\/revisions"}],"predecessor-version":[{"id":2365,"href":"https:\/\/blog.espol.edu.ec\/protal\/index.php?rest_route=\/wp\/v2\/posts\/2354\/revisions\/2365"}],"wp:attachment":[{"href":"https:\/\/blog.espol.edu.ec\/protal\/index.php?rest_route=%2Fwp%2Fv2%2Fmedia&parent=2354"}],"wp:term":[{"taxonomy":"category","embeddable":true,"href":"https:\/\/blog.espol.edu.ec\/protal\/index.php?rest_route=%2Fwp%2Fv2%2Fcategories&post=2354"},{"taxonomy":"post_tag","embeddable":true,"href":"https:\/\/blog.espol.edu.ec\/protal\/index.php?rest_route=%2Fwp%2Fv2%2Ftags&post=2354"}],"curies":[{"name":"wp","href":"https:\/\/api.w.org\/{rel}","templated":true}]}}