{"id":829,"date":"2012-03-29T10:17:16","date_gmt":"2012-03-29T15:17:16","guid":{"rendered":"http:\/\/blog.espol.edu.ec\/publicacionesfen\/?p=829"},"modified":"2012-03-29T10:18:32","modified_gmt":"2012-03-29T15:18:32","slug":"cierre-de-paralelos-periodo-vacacional","status":"publish","type":"post","link":"https:\/\/blog.espol.edu.ec\/publicacionesfen\/2012\/03\/29\/cierre-de-paralelos-periodo-vacacional\/","title":{"rendered":"Cierre de paralelos per\u00edodo vacacional"},"content":{"rendered":"<p>Conforme con lo establecido en el procedimiento de Registro para el Per\u00edodo Vacacional, se ha procedido a cerrar aquellos paralelos que no cumplir\u00e1n con el cupo m\u00ednimo de registrados (30):<br \/>\nComercio Exterior<br \/>\nContabilidad II<br \/>\nEcolog\u00eda y Educaci\u00f3n Ambiental<br \/>\nEconometr\u00eda I<br \/>\nEconom\u00eda Estad\u00edstica Computarizada<br \/>\nFinanzas I<br \/>\nFormulaci\u00f3n y Evaluaci\u00f3n Social de Proyectos<br \/>\nLog\u00edstica y Transporte<br \/>\nM\u00e9todos Cuantitativos I<br \/>\nMicroeconom\u00eda II<br \/>\nSimulaci\u00f3n de Negocios<\/p>\n<p>Los estudiantes podr\u00e1n optar por registrarse en las materias que queden abiertas, caso contrario a finales del mes de marzo deber\u00e1n acercarse a las oficinas de ESPOL-TECH, para recibir la devoluci\u00f3n de su dinero.<\/p>\n<p>El Decano<\/p>\n","protected":false},"excerpt":{"rendered":"<p>Conforme con lo establecido en el procedimiento de Registro para el Per\u00edodo Vacacional, se ha procedido a cerrar aquellos paralelos que no cumplir\u00e1n con el cupo m\u00ednimo de registrados (30): Comercio Exterior Contabilidad II Ecolog\u00eda y Educaci\u00f3n Ambiental Econometr\u00eda I Econom\u00eda Estad\u00edstica Computarizada Finanzas I Formulaci\u00f3n y Evaluaci\u00f3n Social de Proyectos Log\u00edstica y Transporte M\u00e9todos [&hellip;]<\/p>\n","protected":false},"author":5508,"featured_media":0,"comment_status":"open","ping_status":"open","sticky":false,"template":"","format":"standard","meta":{"footnotes":""},"categories":[26092,17],"tags":[144354,85156,897,6,479,4944],"class_list":["post-829","post","type-post","status-publish","format-standard","hentry","category-academicas","category-general","tag-academicas","tag-comunicados","tag-docentes","tag-espol","tag-estudiantes","tag-fen"],"_links":{"self":[{"href":"https:\/\/blog.espol.edu.ec\/publicacionesfen\/wp-json\/wp\/v2\/posts\/829","targetHints":{"allow":["GET"]}}],"collection":[{"href":"https:\/\/blog.espol.edu.ec\/publicacionesfen\/wp-json\/wp\/v2\/posts"}],"about":[{"href":"https:\/\/blog.espol.edu.ec\/publicacionesfen\/wp-json\/wp\/v2\/types\/post"}],"author":[{"embeddable":true,"href":"https:\/\/blog.espol.edu.ec\/publicacionesfen\/wp-json\/wp\/v2\/users\/5508"}],"replies":[{"embeddable":true,"href":"https:\/\/blog.espol.edu.ec\/publicacionesfen\/wp-json\/wp\/v2\/comments?post=829"}],"version-history":[{"count":3,"href":"https:\/\/blog.espol.edu.ec\/publicacionesfen\/wp-json\/wp\/v2\/posts\/829\/revisions"}],"predecessor-version":[{"id":832,"href":"https:\/\/blog.espol.edu.ec\/publicacionesfen\/wp-json\/wp\/v2\/posts\/829\/revisions\/832"}],"wp:attachment":[{"href":"https:\/\/blog.espol.edu.ec\/publicacionesfen\/wp-json\/wp\/v2\/media?parent=829"}],"wp:term":[{"taxonomy":"category","embeddable":true,"href":"https:\/\/blog.espol.edu.ec\/publicacionesfen\/wp-json\/wp\/v2\/categories?post=829"},{"taxonomy":"post_tag","embeddable":true,"href":"https:\/\/blog.espol.edu.ec\/publicacionesfen\/wp-json\/wp\/v2\/tags?post=829"}],"curies":[{"name":"wp","href":"https:\/\/api.w.org\/{rel}","templated":true}]}}