{"id":9,"date":"2009-11-13T10:19:05","date_gmt":"2009-11-13T15:19:05","guid":{"rendered":"http:\/\/blog.espol.edu.ec\/ramaya\/?p=9"},"modified":"2010-01-31T13:58:33","modified_gmt":"2010-01-31T18:58:33","slug":"dracula","status":"publish","type":"post","link":"https:\/\/blog.espol.edu.ec\/ramaya\/2009\/11\/13\/dracula\/","title":{"rendered":"Dracula!!!!!!!!"},"content":{"rendered":"<div>\n<h2 style=\"text-align: center\">Origen de la Leyenda<\/h2>\n<p style=\"text-align: center\">\u00a0<\/p>\n<\/div>\n<div><\/div>\n<p><span style=\"font-family: Verdana;font-size: small\"><\/p>\n<p align=\"left\"><span style=\"font-family: Verdana\"><img loading=\"lazy\" decoding=\"async\" class=\"alignleft size-thumbnail wp-image-10\" src=\"http:\/\/blog.espol.edu.ec\/ramaya\/files\/2009\/11\/dracula-150x150.gif\" alt=\"dracula\" width=\"150\" height=\"150\" \/>El Pr\u00edncipe Dracula, quien gobern\u00f3 las tierras que en el presente conforman el pa\u00eds de Rumania,naci\u00f3 en 1431. Su lugar de nacimientoTransilvania, es la regi\u00f3n que fue habitada en la antig\u00fcedad por los Daco-Romanos. Habiendo sido conquistada por Roma en los a\u00f1os 101 a 105 DC, los Dacios, habitantes originales, al renunciar a la lucha por las tierras, permitieron su incorporaci\u00f3n al Imperio Romano. As\u00ed la Rumania de los tiempos fue testigo de una inmigraci\u00f3n masiva desde todos los rincones del Imperio. Localizada m\u00e1s all\u00e1 de los montes Carpatos y debido a su posici\u00f3n geogr\u00e1fica, muy cercana al Mar <\/span><\/p>\n<p align=\"left\"><span style=\"font-family: Verdana\">Negro y a los tierras de los Turcos Otomanos, Transilvania y la regi\u00f3n entera fue <\/span><\/p>\n<p align=\"left\"><span style=\"font-family: Verdana\">vulnerable a la invasi\u00f3n de los infieles, quienes al conquistar estos territorios, <\/span><\/p>\n<p align=\"left\"><span style=\"font-family: Verdana\">ganaron libre acceso a la Europa Central <\/span><\/p>\n<p>\u00a0<\/p>\n<p><\/span><\/p>\n<p align=\"left\"><!--more--><!--more--><\/p>\n<p align=\"left\"><span style=\"font-family: Verdana\">La invasi\u00f3n turca trajo consigo destrucci\u00f3n generalizada, quema de campos y villas y la muerte de una gran proporci\u00f3n de la poblaci\u00f3n. Pero los turcos no s\u00f3lo trajeron muerte en forma de guerra, sino tambi\u00e9n enfermedades tan terribles como la s\u00edfilis, la tuberculosis, la lepra y la viruela. Estos estragos generaron en los pobladores del pa\u00eds un estado de p\u00e9rdida total de la inocencia y una gran dependencia de lo que hoy llamamos superstici\u00f3n, creyendo firmemente en el poder del mal, el cual ten\u00eda que ser combatido con la consulta de or\u00e1culos y adivinadores. Este es el clima que conforma la cuna cultural del j\u00f3ven Vlad Dracul<\/span><\/p>\n<p align=\"left\"><span style=\"font-family: Verdana\">----------------------<\/span><\/p>\n<p align=\"left\"><span style=\"font-family: Verdana\">Ancestros de Dr\u00e1cula<\/span><\/p>\n<p align=\"left\"><span style=\"font-family: Verdana\">Entre los ancestros de Vlad, Mircea El Grande, su bisabuelo, fue famoso en la historia por sus aptitudes diplom\u00e1ticas y por la conquista exitosa de nuevos territorios. Su asiento fue Valaquia, regi\u00f3n vecina a Transilvania. Para evitar rendirse ante los turcos, Mircea el Grande firm\u00f3 un tratado de alianza con Segismundo de Luxemburgo en 1935. Despu\u00e9s del tratado, Mircea tom\u00f3 parte en una cruzada conducida por Segismundo contra los otomanos.<\/span><\/p>\n<p align=\"left\"><span style=\"font-family: Verdana\">Mircea, envi\u00f3 a su nieto Vlad (padre de Dr\u00e1cula), pr\u00f3ximo en la l\u00ednea de sucesi\u00f3n a la corte del rey Segismundo para ser instruido en costumbres nobles desde temprana edad. Vlad como heredero al trono de Valaquia busc\u00f3 la protecci\u00f3n de Segismundo en la defensa contra los turcos. As\u00ed, Segismundo introdujo a Vlad en la Orden del Drag\u00f3n, secreta sociedad fraterna para proteger al rey alem\u00e1n, su familia, defender el Imperio, propagar el Catolicismo y luchar contra los turcos.<\/span><\/p>\n<p align=\"left\"><span style=\"font-family: Verdana\">En febrero de 1431. Vlad fue hecho Caballero de la Orden del Drag\u00f3n. Dentro de sus reglas, se requer\u00eda el uso de dos capas: una verde, s\u00edmbolo del drag\u00f3n, para ser usada sobre prendas rojas que representaban la sangre de los m\u00e1rtires; una negra, usada s\u00f3lo los viernes o durante una celebraci\u00f3n. Adicionalmente, cada miembro deb\u00eda portar un medall\u00f3n con la insignia de un drag\u00f3n art\u00edsticamente creado por un maestro artesano, como s\u00edmbolo de la victoria de Cristo sobre las fuerzas de la oscuridad.<\/span><\/p>\n<p align=\"left\"><span style=\"font-family: Verdana\">Cuando Vlad regres\u00f3 a su pa\u00eds natal, fue llamado \"Dracul\" por la nobleza terrateniente de Valaquia, como reconocimiento a su honor como miembro de la Orden del Drag\u00f3n (draco en lat\u00edn). Sin embargo, la gente de Valaquia en su mayor\u00eda, desconociendo el t\u00edtulo de caballero, y viendo a un drag\u00f3n en su escudo y posteriormente en sus monedas, lo llam\u00f3 \"Dracul\" haciendo referencia a la iconograf\u00eda ortodoxa en la que se representa al Diablo como drag\u00f3n.<\/span><\/p>\n<p align=\"left\"><span style=\"font-family: Verdana\">Dracula fue el nombre dado por historiadores y novelistas al hijo de Vlad ya que en rumano en sufijo \"a\" significa \"hijo de\". La familia entera de Vlad fue conocida como Dracul.<\/span><\/p>\n<p align=\"left\"><span style=\"font-family: Verdana\">Tan pronto como Vlad fue hecho caballero de la Orden del Drag\u00f3n, fue declarado Pr\u00edncipe de Valaquia. Sin embargo, no pudo tomar el trono en seguida puesto que su medio-hermano Alexandru Aldea hab\u00eda tomado posesi\u00f3n durante su etapa de educaci\u00f3n en la corte de Segismundo. El Emperador nombr\u00f3 a Vlad como gobernador militar de Transilvania, con la tarea de proteger sus fronteras. Vlad decidi\u00f3 establecer su ej\u00e9rcito en la fortaleza de Sighisoara debido a su posici\u00f3n central y estrat\u00e9gica.<\/span><\/p>\n<p align=\"left\"><span style=\"font-family: Verdana\">Vlad Dracul engendr\u00f3 tres hijos leg\u00edtimos: el segundo hijo tambi\u00e9n fue llamado Vlad Dracul, naci\u00f3 en Diciembre de 1431 y se hizo famoso en el mundo como el Pr\u00edncipe Dr\u00e1cula, El Empalador.<\/span><\/p>\n<p align=\"left\"><span style=\"font-family: Verdana\">En 1434, el rey Segismundo orden\u00f3 a Vlad formar un ej\u00e9rcito de soldados transilvano y tomar posesi\u00f3n de Valaquia, dada la estrecha relaci\u00f3n del Pr\u00edncipe Alexadru con los turcos. Vlad Dracul luch\u00f3 con los turcos y en 1436 entr\u00f3 con su ej\u00e9rcito en Tirgoviste, la capital de Valaquia y se convirti\u00f3 en Pr\u00edncipe con la autorizaci\u00f3n del Emperador.<\/span><\/p>\n<p align=\"left\"><span style=\"font-family: Verdana\">----------------------<\/span><\/p>\n<p align=\"left\"><span style=\"font-family: Verdana\">Juventud del Principe Negro<\/span><\/p>\n<p align=\"left\"><span style=\"font-family: Verdana\">Para el j\u00f3ven Dracula, la vida en la nueva corte de su padre fue toda una experiencia. Al llegar a la edad eligible para ser aprendiz de caballero, aprendi\u00f3 nataci\u00f3n, esgrima, lucha, tiro con arco, etiqueta de la corte, y los m\u00e1s refinados aspectos de la equitaci\u00f3n. Tambi\u00e9n fue iniciado en las ciencias pol\u00edticas, cuyos principios fueron esencialmente Maquiav\u00e9licos, porque estaba escrito que era mucho mejor para un pr\u00edncipe ser temido que ser amado; esta forma de pensar debe haber moldeado fuertemente la personalidad del joven Dr\u00e1cula. La tradici\u00f3n local cuenta que Dracula era fascinado m\u00f3rbidamente desde temprana edad por la ejecuci\u00f3n de criminales en la horca.<\/span><\/p>\n<p align=\"left\"><span style=\"font-family: Verdana\">En 1437 muri\u00f3 Segismundo, Rey de Luxemburgo y patr\u00f3n y protector de la familia Dracul, dejando a Valaquia expuesta a los crecientes asaltos y posesiones de los turcos. As\u00ed, poco despu\u00e9s de la muerte de Segismundo, Vlad Dracul firm\u00f3 un pacto de alianza con el Sult\u00e1n Murad II de Turqu\u00eda. Seg\u00fan parece, Vlad sol\u00eda acompa\u00f1ar a Murad II en sus incursiones a Transilvania, durante las cuales hubo muerte, saqueo e incendio de villas, lo cual sin duda gener\u00f3 la leyenda de la naturaleza sanguinaria de la familia Dracula.<\/span><\/p>\n<p align=\"left\"><span style=\"font-family: Verdana\">Despu\u00e9s de la muerte de su padre, el j\u00f3ven Dracula fue hecho prisionero de los turcos, y sirvi\u00f3 como oficial en el ej\u00e9rcito. Durante este tiempo tuvo amplia oportunidad de aprender todos los m\u00e9todos de tortura empleados por las fuerzas turcas sobre los prisioneros de guerra. Entre estos m\u00e9todos se encontraba el empalamiento.<\/span><\/p>\n<p align=\"left\"><span style=\"font-family: Verdana\">A pesar de todo el aprendizaje y experiencia que Dracula acumulo en la armada turca, a\u00fan era prisionero de Sult\u00e1n y deseaba apoderarse del trono de Valaquia, al igual que su padre lo hab\u00eda hecho antes. Dracula decidi\u00f3 huir de la corte del Sult\u00e1n turco y encontr\u00f3 refugio en Moldavia, estado vecino de Valaquia. All\u00ed arm\u00f3 un ej\u00e9rcito y Dracula finalmente se convirti\u00f3 en el Pr\u00edncipe de Valaquia en 1456, a la escasa edad de a\u00f1os, Dracula estableci\u00f3 su residencia principal en Tirgoviste, que fue no s\u00f3lo su asiento de poder, sino tambi\u00e9n el centro de la vida social y cultural de la naci\u00f3n.<\/span><\/p>\n<p align=\"left\"><span style=\"font-family: Verdana\">Los nobles terratenientes formaban, por tradici\u00f3n, el Ayuntamiento de Valaquia sobre el cual el Pr\u00edncipe depend\u00eda para \u00f3rdenes y asuntos de administraci\u00f3n y justicia. Por consiguiente, los nobles manten\u00edan un poder superior al del regidor, y les interesaba elegir el Pr\u00edncipe m\u00e1s debil, que se abstuviera de intervenir en las decisiones del Concejo. Dracula cambi\u00f3 esta situaci\u00f3n dram\u00e1ticamente y derroc\u00f3 el poder de los nobles en favor de un poder centralizado que el encabez\u00f3 con pu\u00f1o de hierro. Dracula tambi\u00e9n busc\u00f3 la venganza personal al enterarse de que los nobles hab\u00edan matado a uno de sus hermanos enterr\u00e1ndolo vivo.<\/span><\/p>\n<p align=\"left\"><span style=\"font-family: Verdana\">La siguiente cr\u00f3nica Rumana cita los eventos que tuvieron lugar en la primavera de 1457: El (Dracula) descubrio que los nobles de Tirgoviste hab\u00edan enterrado vivo a uno de sus hermanos. Para saber la verdad, busc\u00f3 a su hermano en la tumba y lo encontr\u00f3 acostado boca abajo. As\u00ed que cuando vino el d\u00eda de Pascua, mientras todos los ciudadanos festejaban y los j\u00f3venes bailaban, \u00e9l los rode\u00f3...los condujo con sus esposas e hijos, tal como estaban vestidos para la Pascua, a Poenari (asiento del famoso castillo Dracula), donde fueron puestos a trabajar hasta que sus ropas se rompieron y se quedaron desnudos.<\/span><\/p>\n<p align=\"left\"><span style=\"font-family: Verdana\">La tradici\u00f3n popular mantiene que Dracula primero mand\u00f3 a empalar a los ni\u00f1os y a las esposas en el patio de su palacio, mientras que los hombres fueron encadenados y conducidos a un lugar conocido como El Nacimiento del R\u00edo, un viaje que tom\u00f3 dos d\u00edas. <\/span><\/p>\n<p align=\"left\"><span style=\"font-family: Verdana\">Aqu\u00ed les orden\u00f3 reconstruir un antiguo castillo que se encontraba en ruinas. Dracula hab\u00eda dado \u00f3rdenes a las villas vecinas para que construyeran hornos de ladrillo y hornos de cal. Los nobles, bajo la constante amenaza del l\u00e1tigo de los guardias de Dracula, formaron una cadena desde las villas donde los ladrillos eran manufacturados, hasta las paredes del castillo que laboriosamente reconstruyeron.<\/span><\/p>\n<p align=\"left\"><span style=\"font-family: Verdana\">Despu\u00e9s Dracula cre\u00f3 su propia \"nobleza\", en forma parecida a la mafia napolitana temprana, conformada en gran parte por hombres de origen plebeyo. Rompiendo la tradici\u00f3n, Dracula les entreg\u00f3 tierras y riquezas confiscadas, a cambio de lo cual estos hombres estar\u00edan a su completa disposici\u00f3n.<\/span><\/p>\n<p align=\"left\"><span style=\"font-family: Verdana\">La idea elevada de su propio poder, sin embargo, no s\u00f3lo llev\u00f3 a Dracula a reducir a la clase noble a algo m\u00e1s que obedientes sirvientes, sino que se extendi\u00f3 a la administraci\u00f3n de castigos severos a quienquiera que se atreviera a ofenderlo, intencionalmente o no. El siguiente es un relato que ha sobrevivido hasta nuestros d\u00eda, de una delegaci\u00f3n diplom\u00e1tica italiana que hab\u00eda llegado a Valaquia desde Genova.<\/span><\/p>\n<p align=\"left\"><span style=\"font-family: Verdana\">He encontrado que algunos italianos vinieron como embajadores a su corte. Al llegar a \u00e9l, removieron sus sombreros y capuchas. Debajo del sombrero, cada uno de ellos llevaba una peque\u00f1a cofia o casquete que no removieron, como era costumbre entre los italianos. Dracula les pidi\u00f3 explicaci\u00f3n del hecho de haberse quitado los sombreros solamente, dejando los casquetes en sus cabezas. A lo cual respondieron, \"Esta es nuestra costumbre. No estamos obligados a quitarnos nuestros casquetes bajo ninguna circunstancia, incluso en una audiencia con el sult\u00e1n o el Santo Emperador Romano\". Dracula dijo entonces, \"Con toda justicia, quiero fortalecer y reconocer sus costumbres\". Ellos le agradecieron, haciendo una reverencia y a\u00f1adieron, \"Majestad, nosotros siempre serviremos a tus intereses si nos muestras tal bondad, y alabaremos tu grandeza en todas partes\". Entonces, de manera deliberada, el tirano y asesino hizo lo siguiente: tom\u00f3 algunos clavos grandes de hierro y los plant\u00f3 en c\u00edrculo sobre la cabeza de cada embajador. \"Cr\u00e9anme\", les dijo mientras sus asistentes clavaban los casquetes en las cabezas de los emisarios, \"esta es la forma en la que fortalecer\u00e9 su costumbre\".<\/span><\/p>\n<p align=\"left\"><span style=\"font-family: Verdana\">Tambi\u00e9n se dice, que para ver por si mismo como el trabajo de la tierra y sus campesinos estaba progresando, Vlad Dracul, el joven, vagaba disfrazado por el campo, particularmente de noche. El quer\u00eda saber c\u00f3mo viv\u00edan sus campesinos y lo que pensaban. A veces se deten\u00eda en la casa de alg\u00fan campesino y le hac\u00eda preguntas. El siguiente relato testifica los m\u00e9todos impuestos por el Pr\u00edncipe sobre los campesinos de su hostigada tierra.<\/span><\/p>\n<p align=\"left\"><span style=\"font-family: Verdana\">Un d\u00eda, Dracula encontr\u00f3 a un campesino que vest\u00eda una camisa muy corta. Tambi\u00e9n llamaba la atenci\u00f3n sus pantalones tejidos en casa, que pegados a sus piernas, dejaban ver los lados de sus muslos. Cuando lo vio vestido de esta forma, Dracula inmediatamente orden\u00f3 que lo trajeran a la corte. \"\u00bfEres casado?\" le pregunt\u00f3. \"Si, lo soy, su Alteza\". \"Tu esposa es, con toda seguridad, una perezosa. \u00a1Como es posible que tu camisa no cubra la pantorrilla de tus piernas? Ella no merece vivir en mi reino. \u00a1Debe morir!\" \"Le ruego me disculpe, mi se\u00f1or, pero estoy satisfecho con ella. Nunca sale de casa y es honesta\". \"T\u00fa estar\u00e1s te sentir\u00e1s m\u00e1s satisfecho con otra ya que eres un hombre decente y trabajador\". Mientras tanto, dos de los hombres de Dracula le hab\u00edan traido a la pobre mujer, que fue inmediatamente empalada. Entonces, trajo a otra mujer y se la entreg\u00f3 al viudo campesino. Dracula, sin embargo, fue cuidadoso de mostrar a la nueva esposa lo que hab\u00eda sucedido a su predecesora y le explic\u00f3 las razones por cuales la difunta hab\u00eda provocado la ira del Pr\u00edncipe. Consecuentemente, la nueva esposa trabaj\u00f3 tan duro que no ten\u00eda tiempo para comer. Ella se colocaba el pan en un hombro, la sal en el otro y trabajaba de esta manera. As\u00ed trat\u00f3 de dar mayor satisfacci\u00f3n a su nuevo esposo que la primera mujer para no incurrir en la maldici\u00f3n de Dracula.<\/span><\/p>\n<p align=\"left\"><span style=\"font-family: Verdana\">El Pr\u00edncipe Dracula castig\u00f3 a los par\u00e1sitos de su sociedad, los mendigos y vabagundos, muy severamente y cruel para hacer ejemplo al resto de la poblaci\u00f3n con el fin de hacerlos trabajar duro y obedientes de sus reglas. Hay un ejemplo de esto, muy bien conocido, como muestra la versi\u00f3n rumana: Habiendo pedido a los viejos, enfermos, cojos, pobres, ciegos y vabagundos presentarse a un gran comedor en Tirgoviste, Dracula ordeno la preparaci\u00f3n de una fiesta para ellos. El d\u00eda fijado, Tirgoviste cruj\u00eda debajo del peso de un gran n\u00famero de mendigos que hab\u00edan venido. Los sirvientes del Pr\u00edncipe repartieron ropas a cada uno, y los condujeron a una gran mansi\u00f3n donde las mesas estaban listas. Los mendigos se maravillaron ante la generosidad del Pr\u00edncipe, y comentaron entre ellos \"Todo un gesto del Pr\u00edncipe\". Entonces comenz\u00f3 la comida. Y qu\u00e9 creen que vieron ante ellos: una comida tal como la que uno encontrar\u00eda en la propia mesa del Pr\u00edncipe, vinos y los m\u00e1s esquisitos manjares. Los mendigos tuvieron un banquete que se convirti\u00f3 en legendario. Comieron y bebieron con glotoner\u00eda. La mayor\u00eda se emborrach\u00f3. Cuando perdieron comunicaci\u00f3n unos con otros, y se hicieron incoherentes, se enfrentaron de repente con fuego y humo por todas partes. El Pr\u00edncipe hab\u00eda ordenado a sus sirvientes prender fuego a la casa. Los mendigos corrieron a las puertas, pero estaban cerradas. El fuego progres\u00f3. Las llamaradas se levantaron altas como dragones inflamados. Gritos, chillidos y quejidos salieron de los labios de los pobres encerrados. Pero, \u00bfporqu\u00e9 un fuego se conmover\u00eda con los ruegos de los hombres? Ellos cayeron unos sobre otros. Se abrazaron unos a otros. Buscaron ayuda, pero no quedaba o\u00eddo humano que los escuchara. Comenzaron a retorcerse en los tormentos del fuego que los destru\u00eda. El fuego sofoc\u00f3 algunos, otros fueron reducidos a cenizas por las brasas. Cuando las llamas se apagaron naturalmente no hab\u00eda rastro de alma viviente.<\/span><\/p>\n<p align=\"left\"><span style=\"font-family: Verdana\">Tan grande era el miedo al empalamiento que el robo y otros cr\u00edmenes desaparecieron completamente de todo el reino de Dracula. No fue tanto la virtud del pr\u00edncipe maquiav\u00e9lico, sino m\u00e1s bien su mente torturada lo que impuso este orden. El recuerdo de su crueldad permanece en los cuentos del folklore rumano.<\/span><\/p>\n<p align=\"left\"><span style=\"font-family: Verdana\">Despu\u00e9s de la irresuelta muerte de Dracula, las historias de su cruel carisma fueron esparcidas por los monjes que viajaban desde Rumania hasta las provincias alemanas y austr\u00edacas. L\u00edderes militares emularon algunas de sus t\u00e9cnicas guerreras, esperando tener \u00e9xito en la lucha contra los turcos. Su naturaleza sanguinaria se convirti\u00f3 en el tema de las primeras historias de horror publicadas en la Europa Central del siglo XV..<br \/>\n<\/span><\/p>\n","protected":false},"excerpt":{"rendered":"<p>Origen de la Leyenda \u00a0 El Pr\u00edncipe Dracula, quien gobern\u00f3 las tierras que en el presente conforman el pa\u00eds de Rumania,naci\u00f3 en 1431. Su lugar de nacimientoTransilvania, es la regi\u00f3n que fue habitada en la antig\u00fcedad por los Daco-Romanos. Habiendo sido conquistada por Roma en los a\u00f1os 101 a 105 DC, los Dacios, habitantes originales, [&hellip;]<\/p>\n","protected":false},"author":1788,"featured_media":0,"comment_status":"open","ping_status":"open","sticky":false,"template":"","format":"standard","meta":{"footnotes":""},"categories":[493,4882],"tags":[],"class_list":["post-9","post","type-post","status-publish","format-standard","hentry","category-historias","category-todo"],"_links":{"self":[{"href":"https:\/\/blog.espol.edu.ec\/ramaya\/wp-json\/wp\/v2\/posts\/9","targetHints":{"allow":["GET"]}}],"collection":[{"href":"https:\/\/blog.espol.edu.ec\/ramaya\/wp-json\/wp\/v2\/posts"}],"about":[{"href":"https:\/\/blog.espol.edu.ec\/ramaya\/wp-json\/wp\/v2\/types\/post"}],"author":[{"embeddable":true,"href":"https:\/\/blog.espol.edu.ec\/ramaya\/wp-json\/wp\/v2\/users\/1788"}],"replies":[{"embeddable":true,"href":"https:\/\/blog.espol.edu.ec\/ramaya\/wp-json\/wp\/v2\/comments?post=9"}],"version-history":[{"count":5,"href":"https:\/\/blog.espol.edu.ec\/ramaya\/wp-json\/wp\/v2\/posts\/9\/revisions"}],"predecessor-version":[{"id":12,"href":"https:\/\/blog.espol.edu.ec\/ramaya\/wp-json\/wp\/v2\/posts\/9\/revisions\/12"}],"wp:attachment":[{"href":"https:\/\/blog.espol.edu.ec\/ramaya\/wp-json\/wp\/v2\/media?parent=9"}],"wp:term":[{"taxonomy":"category","embeddable":true,"href":"https:\/\/blog.espol.edu.ec\/ramaya\/wp-json\/wp\/v2\/categories?post=9"},{"taxonomy":"post_tag","embeddable":true,"href":"https:\/\/blog.espol.edu.ec\/ramaya\/wp-json\/wp\/v2\/tags?post=9"}],"curies":[{"name":"wp","href":"https:\/\/api.w.org\/{rel}","templated":true}]}}