{"id":1138,"date":"2010-07-08T22:56:01","date_gmt":"2010-07-09T03:56:01","guid":{"rendered":"http:\/\/blog.espol.edu.ec\/ricardomedina\/?p=1138"},"modified":"2011-03-03T23:19:10","modified_gmt":"2011-03-04T04:19:10","slug":"matanza-brutal-de-delfines-y-nuestro-ecuador-participa","status":"publish","type":"post","link":"https:\/\/blog.espol.edu.ec\/ricardomedina\/2010\/07\/08\/matanza-brutal-de-delfines-y-nuestro-ecuador-participa\/","title":{"rendered":"Matanza de delfines... y nuestro Ecuador, participa..?"},"content":{"rendered":"<p><object classid=\"clsid:d27cdb6e-ae6d-11cf-96b8-444553540000\" width=\"480\" height=\"385\"><param name=\"allowFullScreen\" value=\"true\" \/><param name=\"allowscriptaccess\" value=\"always\" \/><param name=\"src\" value=\"http:\/\/www.youtube.com\/v\/4KRD8e20fBo&amp;hl=en_US&amp;fs=1?rel=0&amp;color1=0xe1600f&amp;color2=0xfebd01\" \/><param name=\"allowfullscreen\" value=\"true\" \/><embed type=\"application\/x-shockwave-flash\" width=\"480\" height=\"385\" src=\"http:\/\/www.youtube.com\/v\/4KRD8e20fBo&amp;hl=en_US&amp;fs=1?rel=0&amp;color1=0xe1600f&amp;color2=0xfebd01\" allowfullscreen=\"true\" allowscriptaccess=\"always\"><\/embed><\/object><br \/>\n<strong>The Cove, La Caleta o La Ensenada<\/strong>, es un documental f\u00edlmico ecologista, ganador de un Oscar como \u00a0\u201cMejor Documental \u2013 2009\u201d \u00a0y de otros premios m\u00e1s, nos ha presentado una denuncia al mundo sobre la cantidad de delfines que anualmente son matados brutalmente y masacrados en un puerto japon\u00e9s, como adicional a la cacer\u00eda de ballenas.<\/p>\n<p style=\"text-align: justify\">Ric O\u2019Barry un entrenador de delfines para la serie de televisi\u00f3n Flipper, se convierte en el protector de estos animales, luego de comprender la inteligencia de los delfines y lo que ocurre con esta mala utilizaci\u00f3n de ellos para shows acu\u00e1ticos. El ingreso econ\u00f3mico que mantiene a este pueblo es la venta de los animales a acuarios del mundo y los que no se venden, luego de la matanza su carne es vendida en los supermercados. Se demuestra tambi\u00e9n en el film, que los japoneses no est\u00e1n en conocimiento de la cacer\u00eda o del mercadeo de carne de delf\u00edn y peor a\u00fan de que la misma mantiene niveles alt\u00edsimos de mercurio, da\u00f1ino para el hombre y adem\u00e1s se condena la entrega de raciones para almuerzos escolares.<\/p>\n<div id=\"attachment_1738\" style=\"width: 310px\" class=\"wp-caption alignleft\"><a href=\"http:\/\/blog.espol.edu.ec\/ricardomedina\/files\/2010\/07\/IMG_4751.jpg\"><img loading=\"lazy\" decoding=\"async\" aria-describedby=\"caption-attachment-1738\" class=\"size-medium wp-image-1738\" title=\"The Cove\" src=\"http:\/\/blog.espol.edu.ec\/ricardomedina\/files\/2010\/07\/IMG_4751-300x168.jpg\" alt=\"\" width=\"300\" height=\"168\" srcset=\"https:\/\/blog.espol.edu.ec\/ricardomedina\/files\/2010\/07\/IMG_4751-300x168.jpg 300w, https:\/\/blog.espol.edu.ec\/ricardomedina\/files\/2010\/07\/IMG_4751-1024x574.jpg 1024w\" sizes=\"auto, (max-width: 300px) 100vw, 300px\" \/><\/a><p id=\"caption-attachment-1738\" class=\"wp-caption-text\">The Cove<\/p><\/div>\n<p style=\"text-align: justify\">Nos llen\u00f3 de mucha preocupaci\u00f3n el informe que se efect\u00faa en la parte final de la pel\u00edcula, sobre los apoyos que se requieren en la Comisi\u00f3n Ballenera Internacional (CBI) por parte de Jap\u00f3n, indic\u00e1ndose as\u00ed: \u201c<span style=\"text-decoration: underline\">que mientras Dominica se ha retirado ahora de la CBI, este pa\u00eds habr\u00eda reclutado a los siguientes naciones para su agenda ballenera: Camboya, <strong>ECUADOR<\/strong>, Eritrea, Guinea-Bissau, Kiribati, Laos y la Rep\u00fablica de las Islas Marshall\u201d.<\/span> El documental, se refiere a una supuesta \u00a0\u201ccompra-venta de votos\u201d y deberia de ser aclarada.<\/p>\n<p style=\"text-align: justify\">La realizaci\u00f3n de la pel\u00edcula ha tenido dificultades para su realizaci\u00f3n y actualmente tiene muchas dificultades para su proyecci\u00f3n. El gobierno japon\u00e9s, en este a\u00f1o, \u00a0ha afirmado que \"La cacer\u00eda de delfines es parte de la pesca tradicional de este pa\u00eds y ha sido llevada legalmente\".<\/p>\n<p style=\"text-align: justify\">Los invito a participar de este documental y a aportar con vuestro criterio sobre la misma\u2026<\/p>\n","protected":false},"excerpt":{"rendered":"<p>The Cove, La Caleta o La Ensenada, es un documental f\u00edlmico ecologista, ganador de un Oscar como \u00a0\u201cMejor Documental \u2013 2009\u201d \u00a0y de otros premios m\u00e1s, nos ha presentado una denuncia al mundo sobre la cantidad de delfines que anualmente son matados brutalmente y masacrados en un puerto japon\u00e9s, como adicional a la cacer\u00eda de [&hellip;]<\/p>\n","protected":false},"author":1437,"featured_media":0,"comment_status":"open","ping_status":"open","sticky":false,"template":"","format":"standard","meta":{"_monsterinsights_skip_tracking":false,"_monsterinsights_sitenote_active":false,"_monsterinsights_sitenote_note":"","_monsterinsights_sitenote_category":0,"footnotes":""},"categories":[4090,565084,6420,565080],"tags":[565082,5013,852,3817,36,5230,97,175],"class_list":["post-1138","post","type-post","status-publish","format-standard","hentry","category-ambiente","category-educacion","category-todas","category-turismo","tag-ambiente","tag-areas-protegidas","tag-educacion","tag-playas","tag-politica","tag-reportes","tag-turismo","tag-video"],"_links":{"self":[{"href":"https:\/\/blog.espol.edu.ec\/ricardomedina\/wp-json\/wp\/v2\/posts\/1138","targetHints":{"allow":["GET"]}}],"collection":[{"href":"https:\/\/blog.espol.edu.ec\/ricardomedina\/wp-json\/wp\/v2\/posts"}],"about":[{"href":"https:\/\/blog.espol.edu.ec\/ricardomedina\/wp-json\/wp\/v2\/types\/post"}],"author":[{"embeddable":true,"href":"https:\/\/blog.espol.edu.ec\/ricardomedina\/wp-json\/wp\/v2\/users\/1437"}],"replies":[{"embeddable":true,"href":"https:\/\/blog.espol.edu.ec\/ricardomedina\/wp-json\/wp\/v2\/comments?post=1138"}],"version-history":[{"count":15,"href":"https:\/\/blog.espol.edu.ec\/ricardomedina\/wp-json\/wp\/v2\/posts\/1138\/revisions"}],"predecessor-version":[{"id":1141,"href":"https:\/\/blog.espol.edu.ec\/ricardomedina\/wp-json\/wp\/v2\/posts\/1138\/revisions\/1141"}],"wp:attachment":[{"href":"https:\/\/blog.espol.edu.ec\/ricardomedina\/wp-json\/wp\/v2\/media?parent=1138"}],"wp:term":[{"taxonomy":"category","embeddable":true,"href":"https:\/\/blog.espol.edu.ec\/ricardomedina\/wp-json\/wp\/v2\/categories?post=1138"},{"taxonomy":"post_tag","embeddable":true,"href":"https:\/\/blog.espol.edu.ec\/ricardomedina\/wp-json\/wp\/v2\/tags?post=1138"}],"curies":[{"name":"wp","href":"https:\/\/api.w.org\/{rel}","templated":true}]}}