{"id":1593,"date":"2011-01-18T10:18:32","date_gmt":"2011-01-18T15:18:32","guid":{"rendered":"http:\/\/blog.espol.edu.ec\/ricardomedina\/?p=1593"},"modified":"2011-01-27T17:09:21","modified_gmt":"2011-01-27T22:09:21","slug":"2011-quito-es-la-capital-americana-de-la-cultura","status":"publish","type":"post","link":"https:\/\/blog.espol.edu.ec\/ricardomedina\/2011\/01\/18\/2011-quito-es-la-capital-americana-de-la-cultura\/","title":{"rendered":"2011, Quito es la Capital Americana de la Cultura."},"content":{"rendered":"<p style=\"text-align: justify\"><a href=\"http:\/\/blog.espol.edu.ec\/ricardomedina\/files\/2011\/01\/tejidos.jpg\"><img loading=\"lazy\" decoding=\"async\" class=\"aligncenter size-medium wp-image-1627\" title=\"tejidos\" src=\"http:\/\/blog.espol.edu.ec\/ricardomedina\/files\/2011\/01\/tejidos-300x192.jpg\" alt=\"\" width=\"300\" height=\"192\" srcset=\"https:\/\/blog.espol.edu.ec\/ricardomedina\/files\/2011\/01\/tejidos-300x192.jpg 300w, https:\/\/blog.espol.edu.ec\/ricardomedina\/files\/2011\/01\/tejidos.jpg 471w\" sizes=\"auto, (max-width: 300px) 100vw, 300px\" \/><\/a>As\u00ed es una gran oportunidad para nuestra hermosa Capital, que va a aprovecharse en la demostraci\u00f3n al mundo de sus atractivos tur\u00edsticos. Nuestra Capital es una ciudad cosmopolita, por su excelente diversidad de ofertas que ofrece a quien la visita.<\/p>\n<p style=\"text-align: justify\"><a href=\"http:\/\/blog.espol.edu.ec\/ricardomedina\/files\/2011\/01\/quitocac20111.jpg\"><img loading=\"lazy\" decoding=\"async\" class=\"alignright size-medium wp-image-1633\" title=\"quitocac2011\" src=\"http:\/\/blog.espol.edu.ec\/ricardomedina\/files\/2011\/01\/quitocac20111-300x135.jpg\" alt=\"\" width=\"300\" height=\"135\" srcset=\"https:\/\/blog.espol.edu.ec\/ricardomedina\/files\/2011\/01\/quitocac20111-300x135.jpg 300w, https:\/\/blog.espol.edu.ec\/ricardomedina\/files\/2011\/01\/quitocac20111.jpg 435w\" sizes=\"auto, (max-width: 300px) 100vw, 300px\" \/><\/a>El pr\u00f3ximo 27 de marzo, Quito ser\u00e1 sede del Comit\u00e9 Ejecutivo\u00a0 de la Uni\u00f3n de Ciudades Capitalinas Iberoamericanas, donde los Alcaldes debatir\u00e1n sobre la integraci\u00f3n y la cultura. Es adem\u00e1s una historia viva de nuestras comunidades ancestrales que llegaron junto a los espa\u00f1oles. La fiesta es una tradici\u00f3n de la Capital, pero lo es tambi\u00e9n una ciudad para la aventura y el deporte, en particular para actividades al aire libre. No se puede dejar de anotar, que su arte y religiosidad son una caracter\u00edstica mundialmente reconocida.<\/p>\n<p style=\"text-align: justify\">Se mantiene un excelente trabajo de todas sus organizaciones y cubren diversas actividades para todos sus visitantes, lo que la validar\u00e1n como la capital cultural del 2011.<\/p>\n<p style=\"text-align: justify\"><a href=\"http:\/\/blog.espol.edu.ec\/ricardomedina\/files\/2011\/01\/Quito_monasterio_SanFrancisco.jpg\"><img loading=\"lazy\" decoding=\"async\" class=\"aligncenter size-medium wp-image-1610\" title=\"Quito_monasterio_SanFrancisco\" src=\"http:\/\/blog.espol.edu.ec\/ricardomedina\/files\/2011\/01\/Quito_monasterio_SanFrancisco-300x203.jpg\" alt=\"\" width=\"300\" height=\"203\" srcset=\"https:\/\/blog.espol.edu.ec\/ricardomedina\/files\/2011\/01\/Quito_monasterio_SanFrancisco-300x203.jpg 300w, https:\/\/blog.espol.edu.ec\/ricardomedina\/files\/2011\/01\/Quito_monasterio_SanFrancisco.jpg 400w\" sizes=\"auto, (max-width: 300px) 100vw, 300px\" \/><\/a><\/p>\n","protected":false},"excerpt":{"rendered":"<p>As\u00ed es una gran oportunidad para nuestra hermosa Capital, que va a aprovecharse en la demostraci\u00f3n al mundo de sus atractivos tur\u00edsticos. Nuestra Capital es una ciudad cosmopolita, por su excelente diversidad de ofertas que ofrece a quien la visita. El pr\u00f3ximo 27 de marzo, Quito ser\u00e1 sede del Comit\u00e9 Ejecutivo\u00a0 de la Uni\u00f3n de [&hellip;]<\/p>\n","protected":false},"author":1437,"featured_media":0,"comment_status":"open","ping_status":"open","sticky":false,"template":"","format":"standard","meta":{"_monsterinsights_skip_tracking":false,"_monsterinsights_sitenote_active":false,"_monsterinsights_sitenote_note":"","_monsterinsights_sitenote_category":0,"footnotes":""},"categories":[65,6420,565080],"tags":[5229,70,4635,1684,5233,25539,25540,565083,5009,36,5012,97],"class_list":["post-1593","post","type-post","status-publish","format-standard","hentry","category-marketing","category-todas","category-turismo","tag-competitividad","tag-ecuador","tag-estrategia","tag-gestion","tag-iglesias","tag-marca-pais","tag-marca-turistica","tag-marketing","tag-patrimonio-de-la-humanidad","tag-politica","tag-trafico-de-pasajeros","tag-turismo"],"_links":{"self":[{"href":"https:\/\/blog.espol.edu.ec\/ricardomedina\/wp-json\/wp\/v2\/posts\/1593","targetHints":{"allow":["GET"]}}],"collection":[{"href":"https:\/\/blog.espol.edu.ec\/ricardomedina\/wp-json\/wp\/v2\/posts"}],"about":[{"href":"https:\/\/blog.espol.edu.ec\/ricardomedina\/wp-json\/wp\/v2\/types\/post"}],"author":[{"embeddable":true,"href":"https:\/\/blog.espol.edu.ec\/ricardomedina\/wp-json\/wp\/v2\/users\/1437"}],"replies":[{"embeddable":true,"href":"https:\/\/blog.espol.edu.ec\/ricardomedina\/wp-json\/wp\/v2\/comments?post=1593"}],"version-history":[{"count":6,"href":"https:\/\/blog.espol.edu.ec\/ricardomedina\/wp-json\/wp\/v2\/posts\/1593\/revisions"}],"predecessor-version":[{"id":1635,"href":"https:\/\/blog.espol.edu.ec\/ricardomedina\/wp-json\/wp\/v2\/posts\/1593\/revisions\/1635"}],"wp:attachment":[{"href":"https:\/\/blog.espol.edu.ec\/ricardomedina\/wp-json\/wp\/v2\/media?parent=1593"}],"wp:term":[{"taxonomy":"category","embeddable":true,"href":"https:\/\/blog.espol.edu.ec\/ricardomedina\/wp-json\/wp\/v2\/categories?post=1593"},{"taxonomy":"post_tag","embeddable":true,"href":"https:\/\/blog.espol.edu.ec\/ricardomedina\/wp-json\/wp\/v2\/tags?post=1593"}],"curies":[{"name":"wp","href":"https:\/\/api.w.org\/{rel}","templated":true}]}}