{"id":1598,"date":"2011-01-18T10:28:27","date_gmt":"2011-01-18T15:28:27","guid":{"rendered":"http:\/\/blog.espol.edu.ec\/ricardomedina\/?p=1598"},"modified":"2011-01-19T08:17:33","modified_gmt":"2011-01-19T13:17:33","slug":"una-gran-oportunidad-de-visita-al-ecuador-para-el-desarrollo-del-turismo-en-las-areas-protegidas-del-estado-pane","status":"publish","type":"post","link":"https:\/\/blog.espol.edu.ec\/ricardomedina\/2011\/01\/18\/una-gran-oportunidad-de-visita-al-ecuador-para-el-desarrollo-del-turismo-en-las-areas-protegidas-del-estado-pane\/","title":{"rendered":"Visite Ecuador...haga Turismo en las \u00c1reas Protegidas del Estado."},"content":{"rendered":"<div id=\"attachment_1605\" style=\"width: 235px\" class=\"wp-caption alignleft\"><a href=\"http:\/\/blog.espol.edu.ec\/ricardomedina\/files\/2011\/01\/IMG_2447.jpg\"><img loading=\"lazy\" decoding=\"async\" aria-describedby=\"caption-attachment-1605\" class=\"size-medium wp-image-1605\" src=\"http:\/\/blog.espol.edu.ec\/ricardomedina\/files\/2011\/01\/IMG_2447-225x300.jpg\" alt=\"\" width=\"225\" height=\"300\" srcset=\"https:\/\/blog.espol.edu.ec\/ricardomedina\/files\/2011\/01\/IMG_2447-225x300.jpg 225w, https:\/\/blog.espol.edu.ec\/ricardomedina\/files\/2011\/01\/IMG_2447-768x1024.jpg 768w\" sizes=\"auto, (max-width: 225px) 100vw, 225px\" \/><\/a><p id=\"caption-attachment-1605\" class=\"wp-caption-text\">Area Protegida<\/p><\/div>\n<p style=\"text-align: justify\">Se considera una excelente medida la que se ha dispuesto al fijar una sola tarifa para el ingreso a los Patrimonio de \u00c1reas Protegidas del Estado (PANE), valor que se aplicar\u00e1 a todos los visitantes, sean nacionales o extranjeros, con excepci\u00f3n del Parque Nacional Gal\u00e1pagos, que se maneja bajo r\u00e9gimen especial. Creemos muy conveniente en la estrategia prevista en el Plan de Mercadeo existente y que siendo manejado en forma conjunta por los Ministerios de Ambiente y de Turismo, beneficiar\u00e1n el que nuestros bosques naturales sean visitados por turistas manteniendo las formalidades de la necesaria conservaci\u00f3n.<\/p>\n<p style=\"text-align: justify\">Se debe proceder a revisar a\u00fan lo realizado en el Sitio Web resultante del acuerdo incluido en el Plan de Mercadeo mencionado: <a href=\"http:\/\/www.amigosdelasaps.org\/\">www.amigosdelasaps.org<\/a>, que tendr\u00e1 que ser mejorado, en el inter\u00e9s comercial de nuestros visitantes y en particular en el desarrollo y mantenimiento de nuestras Areas Protegidas.<\/p>\n<p>La tarifa prevista es USD 2 para nacionales y extranjeros, mientras que los menores de 16 a\u00f1os de edad, los mayores de 65 a\u00f1os y las personas que presenten su carn\u00e9 otorgado por el CONADIS, pagar\u00e1n 0,50 centavos de d\u00f3lar al ingreso.\u00a0<\/p>\n<p>Las nuevas tasas de entrada rigen para los siguientes:\u00a0<\/p>\n<p><span style=\"text-decoration: underline\">Parques Nacionales<\/span>:\u00a0<\/p>\n<p>Machalilla (Isla de La Plata y \u00e1rea continental); Cayambe Coca; Cotopaxi; Yasun\u00ed; Sangay; El Cajas; Llanganates; Podocarpus; Napo Galeras.\u00a0<\/p>\n<p><span style=\"text-decoration: underline\">Reservas, Refugios y otros:\u00a0<\/span>\u00a0<\/p>\n<p>Reserva Geobot\u00e1nica Pululahua; Reserva Ecol\u00f3gica Manglares Churute; Lago Cuicocha, en la Reserva Ecol\u00f3gica Cotacachi Cayapas, Reservas Faun\u00edsticas Cuyabeno y Chimborazo; Reservas Ecol\u00f3gicas Antisana, El Angel y Mache Chindul; Bosque Protegido Pasochoa; Refugio de Vida silvestre Pacoche y \u00c1rea de Recreaci\u00f3n El Boliche (Cotopaxi).\u00a0<\/p>\n<div id=\"attachment_1607\" style=\"width: 235px\" class=\"wp-caption alignright\"><a href=\"http:\/\/blog.espol.edu.ec\/ricardomedina\/files\/2011\/01\/IMG_2482.jpg\"><img loading=\"lazy\" decoding=\"async\" aria-describedby=\"caption-attachment-1607\" class=\"size-medium wp-image-1607\" src=\"http:\/\/blog.espol.edu.ec\/ricardomedina\/files\/2011\/01\/IMG_2482-225x300.jpg\" alt=\"\" width=\"225\" height=\"300\" srcset=\"https:\/\/blog.espol.edu.ec\/ricardomedina\/files\/2011\/01\/IMG_2482-225x300.jpg 225w, https:\/\/blog.espol.edu.ec\/ricardomedina\/files\/2011\/01\/IMG_2482-768x1024.jpg 768w\" sizes=\"auto, (max-width: 225px) 100vw, 225px\" \/><\/a><p id=\"caption-attachment-1607\" class=\"wp-caption-text\">Naturaleza Hermosa<\/p><\/div>\n<p>La excepci\u00f3n se mantiene para el <strong>Parque Nacional Gal\u00e1pagos<\/strong>, donde los costos de ingreso seguir\u00e1n\u00a0 siendo as\u00ed:\u00a0<\/p>\n<p>-\u00a0\u00a0Turistas extranjeros no residentes en el Ecuador mayores de 12 a\u00f1os USD 100,00 y menores de 12 a\u00f1os USD 50,00\u00a0<\/p>\n<p>-\u00a0\u00a0Turistas extranjeros no residentes en el Ecuador, mayores de 12 a\u00f1os, nacionales de uno de los pa\u00edses pertenecientes a la Comunidad Andina de Naciones o al Mercosur USD 50 y los menores de 12 a\u00f1os, USD 25.\u00a0<\/p>\n<p>-\u00a0\u00a0Turistas nacionales o extranjeros residentes en el Ecuador, mayores de 12 a\u00f1os USD 6 y \u00a0menores de 12 a\u00f1os USD 3.\u00a0<\/p>\n<p>-\u00a0Turistas y\u00a0estudiantes extranjeros no residentes en el Ecuador que se encuentren matriculados en instituciones educativas nacionales USD 25.\u00a0<\/p>\n<p>Los turistas nacionales o extranjeros menores de 2 a\u00f1os se encuentran exentos del pago de este tributo.\u00a0<\/p>\n<p style=\"text-align: justify\">En la parte interna ambiental, creemos que esta facilidad\u00a0otorgada para la visita de turistas, genera la necesidad administrativa de dotarles de las infraestructuras requeridas, para que las \u00c1reas Protegidas sean aprovechadas por los visitantes, tales como v\u00edas de acceso, caminos y senderos, y otras facilidades tur\u00edsticas exigidas.\u00a0Al disponerse de mayor presupuesto anual que Turismo,\u00a0 el Ministerio de Ambiente ser\u00e1 el encargado de presentar y mantener todos nuestros Parques naturales, como la mejor oferta y m\u00e1s grande del turismo\u00a0del pa\u00eds.\u00a0<\/p>\n","protected":false},"excerpt":{"rendered":"<p>Se considera una excelente medida la que se ha dispuesto al fijar una sola tarifa para el ingreso a los Patrimonio de \u00c1reas Protegidas del Estado (PANE), valor que se aplicar\u00e1 a todos los visitantes, sean nacionales o extranjeros, con excepci\u00f3n del Parque Nacional Gal\u00e1pagos, que se maneja bajo r\u00e9gimen especial. Creemos muy conveniente en [&hellip;]<\/p>\n","protected":false},"author":1437,"featured_media":0,"comment_status":"open","ping_status":"open","sticky":false,"template":"","format":"standard","meta":{"_monsterinsights_skip_tracking":false,"_monsterinsights_sitenote_active":false,"_monsterinsights_sitenote_note":"","_monsterinsights_sitenote_category":0,"footnotes":""},"categories":[4090,65,6420,565080],"tags":[565082,5013,5229,24857,70,852,4635,1321,1684,25539,25540,565083,3817,36,5012,97,15],"class_list":["post-1598","post","type-post","status-publish","format-standard","hentry","category-ambiente","category-marketing","category-todas","category-turismo","tag-ambiente","tag-areas-protegidas","tag-competitividad","tag-comunitario","tag-ecuador","tag-educacion","tag-estrategia","tag-galapagos","tag-gestion","tag-marca-pais","tag-marca-turistica","tag-marketing","tag-playas","tag-politica","tag-trafico-de-pasajeros","tag-turismo","tag-web"],"_links":{"self":[{"href":"https:\/\/blog.espol.edu.ec\/ricardomedina\/wp-json\/wp\/v2\/posts\/1598","targetHints":{"allow":["GET"]}}],"collection":[{"href":"https:\/\/blog.espol.edu.ec\/ricardomedina\/wp-json\/wp\/v2\/posts"}],"about":[{"href":"https:\/\/blog.espol.edu.ec\/ricardomedina\/wp-json\/wp\/v2\/types\/post"}],"author":[{"embeddable":true,"href":"https:\/\/blog.espol.edu.ec\/ricardomedina\/wp-json\/wp\/v2\/users\/1437"}],"replies":[{"embeddable":true,"href":"https:\/\/blog.espol.edu.ec\/ricardomedina\/wp-json\/wp\/v2\/comments?post=1598"}],"version-history":[{"count":14,"href":"https:\/\/blog.espol.edu.ec\/ricardomedina\/wp-json\/wp\/v2\/posts\/1598\/revisions"}],"predecessor-version":[{"id":1626,"href":"https:\/\/blog.espol.edu.ec\/ricardomedina\/wp-json\/wp\/v2\/posts\/1598\/revisions\/1626"}],"wp:attachment":[{"href":"https:\/\/blog.espol.edu.ec\/ricardomedina\/wp-json\/wp\/v2\/media?parent=1598"}],"wp:term":[{"taxonomy":"category","embeddable":true,"href":"https:\/\/blog.espol.edu.ec\/ricardomedina\/wp-json\/wp\/v2\/categories?post=1598"},{"taxonomy":"post_tag","embeddable":true,"href":"https:\/\/blog.espol.edu.ec\/ricardomedina\/wp-json\/wp\/v2\/tags?post=1598"}],"curies":[{"name":"wp","href":"https:\/\/api.w.org\/{rel}","templated":true}]}}