{"id":2092,"date":"2011-07-31T15:29:10","date_gmt":"2011-07-31T20:29:10","guid":{"rendered":"http:\/\/blog.espol.edu.ec\/ricardomedina\/?p=2092"},"modified":"2011-08-12T00:26:10","modified_gmt":"2011-08-12T05:26:10","slug":"inventarios-turisticos-en-el-pais%e2%80%a6","status":"publish","type":"post","link":"https:\/\/blog.espol.edu.ec\/ricardomedina\/2011\/07\/31\/inventarios-turisticos-en-el-pais%e2%80%a6\/","title":{"rendered":"Inventarios Tur\u00edsticos, en el pa\u00eds\u2026"},"content":{"rendered":"<div id=\"attachment_2093\" style=\"width: 209px\" class=\"wp-caption alignright\"><a href=\"http:\/\/blog.espol.edu.ec\/ricardomedina\/files\/2011\/07\/11a.jpg\"><img loading=\"lazy\" decoding=\"async\" aria-describedby=\"caption-attachment-2093\" class=\"size-medium wp-image-2093\" title=\"Parques Nacionales\" src=\"http:\/\/blog.espol.edu.ec\/ricardomedina\/files\/2011\/07\/11a-199x300.jpg\" alt=\"\" width=\"199\" height=\"300\" srcset=\"https:\/\/blog.espol.edu.ec\/ricardomedina\/files\/2011\/07\/11a-199x300.jpg 199w, https:\/\/blog.espol.edu.ec\/ricardomedina\/files\/2011\/07\/11a-680x1024.jpg 680w, https:\/\/blog.espol.edu.ec\/ricardomedina\/files\/2011\/07\/11a.jpg 1000w\" sizes=\"auto, (max-width: 199px) 100vw, 199px\" \/><\/a><p id=\"caption-attachment-2093\" class=\"wp-caption-text\">Parques Nacionales<\/p><\/div>\n<p style=\"text-align: justify\">En repetidas ocasiones y en diferentes administraciones nacionales se escucha a\u00fan la necesidad de mantener inventarios tur\u00edsticos, lo cual nos advierte que si no tenemos control o conocimiento de las existencias de ellos, nuestros cantones y sus municipios no podr\u00e1n mejorarlos o tomarlos en consideraci\u00f3n para lograr su desarrollo\u00a0 u ofertarlos \u00a0con la calidad exigida para los recursos. Algunos inventarios, ya se han realizado previamente a la preparaci\u00f3n de sus Planes de Desarrollo Tur\u00edstico.<\/p>\n<p style=\"text-align: justify\">Fabio C\u00e1rdenas en su publicaci\u00f3n Comercializaci\u00f3n del Turismo nos expresa y record\u00e1ndonos:\u201dque un pa\u00eds que no dispone de un inventario tur\u00edstico, no podr\u00e1 atraer en forma efectiva al turismo\u201d.<\/p>\n<p style=\"text-align: justify\">El pa\u00eds no dispone publicadas las fichas tur\u00edsticas nacionales, provinciales o cantonales y resulta inclusive negativo el poder lograrlas en cualquier formato, pero se prev\u00e9 todav\u00eda invertir mayores recursos en nuevos inventarios o actualizaciones, ya que los existentes tambi\u00e9n son observados porque la metodolog\u00eda aplicada no re\u00fane la exigencia mundial, lo que nos deber\u00eda permitir solamente el dedicarnos actualmente a sus desarrollos, que es la exigencia de la madurez del turismo de nuestro pa\u00eds.<\/p>\n<table border=\"1\" cellspacing=\"0\" cellpadding=\"0\" width=\"603\" align=\"left\">\n<tbody>\n<tr>\n<td width=\"603\" valign=\"top\">Evento Ministerio Turismo, Plan de Ordenamiento Territorial, Lasso, Cotopaxi, Julio5\/11.<\/p>\n<p>Otra expositora de este evento, fue la representante de la Organizaci\u00f3n Mundial del Turismo en la Subregi\u00f3n Andina, la espa\u00f1ola Dra. Ana Garc\u00eda, quien sostiene que el Turismo es una de las actividades m\u00e1s transversales y por ello la necesidad de tener un Plan de Ordenamiento Territorial, el que permitir\u00e1 desarrollar, organizar, clasificar las potencialidades del lugar, la accesibilidad y <strong>para ello es necesario un inventario de atractivos tur\u00edsticos que es la materia prima y hoy el pa\u00eds tiene un inventario anticuado<\/strong>.<\/td>\n<\/tr>\n<\/tbody>\n<\/table>\n","protected":false},"excerpt":{"rendered":"<p>En repetidas ocasiones y en diferentes administraciones nacionales se escucha a\u00fan la necesidad de mantener inventarios tur\u00edsticos, lo cual nos advierte que si no tenemos control o conocimiento de las existencias de ellos, nuestros cantones y sus municipios no podr\u00e1n mejorarlos o tomarlos en consideraci\u00f3n para lograr su desarrollo\u00a0 u ofertarlos \u00a0con la calidad exigida [&hellip;]<\/p>\n","protected":false},"author":1437,"featured_media":0,"comment_status":"open","ping_status":"open","sticky":false,"template":"","format":"standard","meta":{"_monsterinsights_skip_tracking":false,"_monsterinsights_sitenote_active":false,"_monsterinsights_sitenote_note":"","_monsterinsights_sitenote_category":0,"footnotes":""},"categories":[4090,565084,65,6420,565080],"tags":[565082,5013,5229,24857,70,852,4836,4635,4460,1684,25540,565083,36,5230,5012,97],"class_list":["post-2092","post","type-post","status-publish","format-standard","hentry","category-ambiente","category-educacion","category-marketing","category-todas","category-turismo","tag-ambiente","tag-areas-protegidas","tag-competitividad","tag-comunitario","tag-ecuador","tag-educacion","tag-estadisticas","tag-estrategia","tag-gastronomia","tag-gestion","tag-marca-turistica","tag-marketing","tag-politica","tag-reportes","tag-trafico-de-pasajeros","tag-turismo"],"_links":{"self":[{"href":"https:\/\/blog.espol.edu.ec\/ricardomedina\/wp-json\/wp\/v2\/posts\/2092","targetHints":{"allow":["GET"]}}],"collection":[{"href":"https:\/\/blog.espol.edu.ec\/ricardomedina\/wp-json\/wp\/v2\/posts"}],"about":[{"href":"https:\/\/blog.espol.edu.ec\/ricardomedina\/wp-json\/wp\/v2\/types\/post"}],"author":[{"embeddable":true,"href":"https:\/\/blog.espol.edu.ec\/ricardomedina\/wp-json\/wp\/v2\/users\/1437"}],"replies":[{"embeddable":true,"href":"https:\/\/blog.espol.edu.ec\/ricardomedina\/wp-json\/wp\/v2\/comments?post=2092"}],"version-history":[{"count":4,"href":"https:\/\/blog.espol.edu.ec\/ricardomedina\/wp-json\/wp\/v2\/posts\/2092\/revisions"}],"predecessor-version":[{"id":2153,"href":"https:\/\/blog.espol.edu.ec\/ricardomedina\/wp-json\/wp\/v2\/posts\/2092\/revisions\/2153"}],"wp:attachment":[{"href":"https:\/\/blog.espol.edu.ec\/ricardomedina\/wp-json\/wp\/v2\/media?parent=2092"}],"wp:term":[{"taxonomy":"category","embeddable":true,"href":"https:\/\/blog.espol.edu.ec\/ricardomedina\/wp-json\/wp\/v2\/categories?post=2092"},{"taxonomy":"post_tag","embeddable":true,"href":"https:\/\/blog.espol.edu.ec\/ricardomedina\/wp-json\/wp\/v2\/tags?post=2092"}],"curies":[{"name":"wp","href":"https:\/\/api.w.org\/{rel}","templated":true}]}}