{"id":128,"date":"2011-01-20T12:42:56","date_gmt":"2011-01-20T12:42:56","guid":{"rendered":"http:\/\/blog.espol.edu.ec\/roalrami\/?p=128"},"modified":"2011-01-20T12:42:56","modified_gmt":"2011-01-20T12:42:56","slug":"facebook-una-nueva-frontera-en-la-relacion-entre-padres-e-hijos","status":"publish","type":"post","link":"https:\/\/blog.espol.edu.ec\/roalrami\/2011\/01\/20\/facebook-una-nueva-frontera-en-la-relacion-entre-padres-e-hijos\/","title":{"rendered":"Facebook, una nueva frontera en la relaci\u00f3n entre padres e hijos"},"content":{"rendered":"<p>Aproximadamente dos tercios de los adolescentes estadounidenses se sienten c\u00f3modos con el hecho de que sus padres sean sus amigos en Facebook, seg\u00fan un nuevo estudio.<\/p>\n<p>Pero un 16% de los estudiantes dijeron que la amistad con sus padres fue una condici\u00f3n previa para unirse a la red social y un 38% afirmaron que simplemente ignoraron las peticiones de amistad de su padre o su madre.<\/p>\n<p><a href=\"http:\/\/blog.espol.edu.ec\/roalrami\/files\/2011\/01\/facebook.jpg\"><img loading=\"lazy\" decoding=\"async\" src=\"http:\/\/blog.espol.edu.ec\/roalrami\/files\/2011\/01\/facebook.jpg\" alt=\"\" title=\"facebook\" width=\"404\" height=\"303\" class=\"aligncenter size-full wp-image-129\" srcset=\"https:\/\/blog.espol.edu.ec\/roalrami\/files\/2011\/01\/facebook.jpg 404w, https:\/\/blog.espol.edu.ec\/roalrami\/files\/2011\/01\/facebook-300x225.jpg 300w\" sizes=\"auto, (max-width: 404px) 100vw, 404px\" \/><\/a><\/p>\n<p>\"Facebook ... sigue siendo la nueva frontera en la relaci\u00f3n siempre en evoluci\u00f3n entre padres e hijos\", dijo Kristen Campbell, de Kaplan Test Prep, que entrevist\u00f3 a 2.313 estudiantes entre 16 y 18 a\u00f1os sobre tendencias en las redes sociales.<\/p>\n<p>El estudio mostr\u00f3 que el 65% de los adolescentes \"no se esconden y eso es positivo\", afirm\u00f3 Campbell, directora ejecutiva de la compa\u00f1\u00eda que desarrolla programas en las escuelas preparatorias para la universidad.<\/p>\n<p>Para muchos j\u00f3venes estadounidenses, Facebook ofrece una oportunidad para seguir siendo independientes de sus padres, seg\u00fan Campbell.<\/p>\n<p>\"Aunque los padres est\u00e1n muy implicados y son muy activos, Facebook permite a los j\u00f3venes ejercer su independencia\", explic\u00f3. \"Quieren que parte de sus vidas sean privadas\".<\/p>\n<p>En algunos casos, los padres y sus hijos deciden mutuamente mantener sus vidas separadas en Facebook. Incluso aunque muchos adolescentes ignoran las peticiones de amistad de sus padres, un 82 por ciento de los adolescentes dicen que sus padres est\u00e1n \"muy implicados\" o \"un poco implicados\" en sus vidas acad\u00e9micas.<\/p>\n<p>Campbell describi\u00f3 Facebook como un paso natural en las conexiones para una generaci\u00f3n que ha crecido con Internet.<\/p>\n<p>\"Esta es una generaci\u00f3n que se est\u00e1 comunicando electr\u00f3nicamente y ahora las l\u00edneas de comunicaci\u00f3n est\u00e1n abiertas de formas nuevas\".<\/p>\n","protected":false},"excerpt":{"rendered":"<p>Aproximadamente dos tercios de los adolescentes estadounidenses se sienten c\u00f3modos con el hecho de que sus padres sean sus amigos en Facebook, seg\u00fan un nuevo estudio. Pero un 16% de los estudiantes dijeron que la amistad con sus padres fue una condici\u00f3n previa para unirse a la red social y un 38% afirmaron que simplemente [&hellip;]<\/p>\n","protected":false},"author":5420,"featured_media":0,"comment_status":"open","ping_status":"open","sticky":false,"template":"","format":"standard","meta":{"footnotes":""},"categories":[1],"tags":[],"class_list":["post-128","post","type-post","status-publish","format-standard","hentry","category-uncategorized"],"_links":{"self":[{"href":"https:\/\/blog.espol.edu.ec\/roalrami\/wp-json\/wp\/v2\/posts\/128","targetHints":{"allow":["GET"]}}],"collection":[{"href":"https:\/\/blog.espol.edu.ec\/roalrami\/wp-json\/wp\/v2\/posts"}],"about":[{"href":"https:\/\/blog.espol.edu.ec\/roalrami\/wp-json\/wp\/v2\/types\/post"}],"author":[{"embeddable":true,"href":"https:\/\/blog.espol.edu.ec\/roalrami\/wp-json\/wp\/v2\/users\/5420"}],"replies":[{"embeddable":true,"href":"https:\/\/blog.espol.edu.ec\/roalrami\/wp-json\/wp\/v2\/comments?post=128"}],"version-history":[{"count":1,"href":"https:\/\/blog.espol.edu.ec\/roalrami\/wp-json\/wp\/v2\/posts\/128\/revisions"}],"predecessor-version":[{"id":130,"href":"https:\/\/blog.espol.edu.ec\/roalrami\/wp-json\/wp\/v2\/posts\/128\/revisions\/130"}],"wp:attachment":[{"href":"https:\/\/blog.espol.edu.ec\/roalrami\/wp-json\/wp\/v2\/media?parent=128"}],"wp:term":[{"taxonomy":"category","embeddable":true,"href":"https:\/\/blog.espol.edu.ec\/roalrami\/wp-json\/wp\/v2\/categories?post=128"},{"taxonomy":"post_tag","embeddable":true,"href":"https:\/\/blog.espol.edu.ec\/roalrami\/wp-json\/wp\/v2\/tags?post=128"}],"curies":[{"name":"wp","href":"https:\/\/api.w.org\/{rel}","templated":true}]}}