{"id":113,"date":"2010-01-06T11:10:01","date_gmt":"2010-01-06T16:10:01","guid":{"rendered":"http:\/\/blog.espol.edu.ec\/rondelgado\/?p=113"},"modified":"2010-02-23T10:29:05","modified_gmt":"2010-02-23T15:29:05","slug":"palacios-firmo-y-seguira-en-el-idolo-una-temporada-mas","status":"publish","type":"post","link":"https:\/\/blog.espol.edu.ec\/rondelgado\/2010\/01\/06\/palacios-firmo-y-seguira-en-el-idolo-una-temporada-mas\/","title":{"rendered":"Palacios firm\u00f3 y seguir\u00e1 en el \u00cddolo una temporada m\u00e1s"},"content":{"rendered":"<p><img loading=\"lazy\" decoding=\"async\" class=\"aligncenter size-full wp-image-114\" src=\"http:\/\/blog.espol.edu.ec\/rondelgado\/files\/2010\/01\/noticias_imagen_showphp.jpg\" alt=\"noticias_imagen_showphp\" width=\"604\" height=\"453\" srcset=\"https:\/\/blog.espol.edu.ec\/rondelgado\/files\/2010\/01\/noticias_imagen_showphp.jpg 604w, https:\/\/blog.espol.edu.ec\/rondelgado\/files\/2010\/01\/noticias_imagen_showphp-300x225.jpg 300w\" sizes=\"auto, (max-width: 604px) 100vw, 604px\" \/><\/p>\n<p><span style=\"color: #000000\">La directiva y el jugador llegaron a un feliz acuerdo la tarde de ayer lunes y hoy se hizo oficial por parte del presidente del club Eduardo Maruri, la continuidad por una temporada m\u00e1s en el \u00cddolo, del delantero Pablo Palacios.<!--more--><br \/>\nEl respeto y cari\u00f1o que este jugador demostr\u00f3 para la instituci\u00f3n y la intenci\u00f3n de la dirigencia de cumplir esa promesa, hicieron que hoy se convierta en realidad. Me refiero a alguien que le dio a Barcelona much\u00edsimos goles y alegr\u00edas y que m\u00e1s all\u00e1 de los dimes y diretes las conversaciones, el respecto y el cari\u00f1o que este jugador mostr\u00f3 hacia la instituci\u00f3n hacen posible que Pablo Palacios sea nuevamente jugador del Barcelona. Dijo Maruri al presentar a Palacios.<br \/>\nDe esta manera Barcelona esta cerrando pr\u00e1cticamente sus contrataciones para esta temporada.<\/span><\/p>\n<p><span style=\"color: #000000\"><em>Fuente: www.bsc.ec\/noticias<\/em><\/span><\/p>\n","protected":false},"excerpt":{"rendered":"<p>La directiva y el jugador llegaron a un feliz acuerdo la tarde de ayer lunes y hoy se hizo oficial por parte del presidente del club Eduardo Maruri, la continuidad por una temporada m\u00e1s en el \u00cddolo, del delantero Pablo Palacios.<\/p>\n","protected":false},"author":3374,"featured_media":0,"comment_status":"open","ping_status":"open","sticky":false,"template":"","format":"standard","meta":{"footnotes":""},"categories":[378],"tags":[62,8922,7508,14897,14700,14896],"class_list":["post-113","post","type-post","status-publish","format-standard","hentry","category-deportes","tag-barcelona","tag-bsc","tag-pablo-palacios","tag-pablo-palacios-barcelona","tag-palacios","tag-palacios-renovo-con-barcelona"],"_links":{"self":[{"href":"https:\/\/blog.espol.edu.ec\/rondelgado\/wp-json\/wp\/v2\/posts\/113","targetHints":{"allow":["GET"]}}],"collection":[{"href":"https:\/\/blog.espol.edu.ec\/rondelgado\/wp-json\/wp\/v2\/posts"}],"about":[{"href":"https:\/\/blog.espol.edu.ec\/rondelgado\/wp-json\/wp\/v2\/types\/post"}],"author":[{"embeddable":true,"href":"https:\/\/blog.espol.edu.ec\/rondelgado\/wp-json\/wp\/v2\/users\/3374"}],"replies":[{"embeddable":true,"href":"https:\/\/blog.espol.edu.ec\/rondelgado\/wp-json\/wp\/v2\/comments?post=113"}],"version-history":[{"count":5,"href":"https:\/\/blog.espol.edu.ec\/rondelgado\/wp-json\/wp\/v2\/posts\/113\/revisions"}],"predecessor-version":[{"id":190,"href":"https:\/\/blog.espol.edu.ec\/rondelgado\/wp-json\/wp\/v2\/posts\/113\/revisions\/190"}],"wp:attachment":[{"href":"https:\/\/blog.espol.edu.ec\/rondelgado\/wp-json\/wp\/v2\/media?parent=113"}],"wp:term":[{"taxonomy":"category","embeddable":true,"href":"https:\/\/blog.espol.edu.ec\/rondelgado\/wp-json\/wp\/v2\/categories?post=113"},{"taxonomy":"post_tag","embeddable":true,"href":"https:\/\/blog.espol.edu.ec\/rondelgado\/wp-json\/wp\/v2\/tags?post=113"}],"curies":[{"name":"wp","href":"https:\/\/api.w.org\/{rel}","templated":true}]}}