{"id":193,"date":"2013-02-14T20:32:29","date_gmt":"2013-02-15T01:32:29","guid":{"rendered":"http:\/\/blog.espol.edu.ec\/ronrrodr\/?p=193"},"modified":"2013-02-14T20:33:02","modified_gmt":"2013-02-15T01:33:02","slug":"mavort-promociona-su-participacion-en-la-liga-de-las-americas","status":"publish","type":"post","link":"https:\/\/blog.espol.edu.ec\/ronrrodr\/2013\/02\/14\/mavort-promociona-su-participacion-en-la-liga-de-las-americas\/","title":{"rendered":"Mavort promociona su participaci\u00f3n en la Liga de las Americas"},"content":{"rendered":"<p><em>El cuadro constructor invita al p\u00fablico para hacer un fort\u00edn al coliseo Julio C\u00e9sar Hidalgo.<\/em><br \/>\n<a href=\"http:\/\/blog.espol.edu.ec\/ronrrodr\/files\/2013\/02\/14.jpg\"><img loading=\"lazy\" decoding=\"async\" src=\"http:\/\/blog.espol.edu.ec\/ronrrodr\/files\/2013\/02\/14.jpg\" alt=\"\" width=\"300\" height=\"525\" class=\"aligncenter size-full wp-image-201\" srcset=\"https:\/\/blog.espol.edu.ec\/ronrrodr\/files\/2013\/02\/14.jpg 300w, https:\/\/blog.espol.edu.ec\/ronrrodr\/files\/2013\/02\/14-171x300.jpg 171w\" sizes=\"auto, (max-width: 300px) 100vw, 300px\" \/><\/a><\/p>\n<p>Mavort ha dise\u00f1ado todo un plan deportivo e institucional para su primer desaf\u00edo importante de esta temporada: su participaci\u00f3n, como anfitri\u00f3n, en el torneo FIBA Liga de las Am\u00e9ricas; por ello, con un intensivo plan de entrenamiento y una extensa campa\u00f1a de promoci\u00f3n, el club quite\u00f1o busca su consolidaci\u00f3n como referente del baloncesto ecuatoriano.<\/p>\n<p>En el campo deportivo, Mavort ha dise\u00f1ado un extenso programa de entrenamientos que se cumplen a doble jornada en el coliseo quite\u00f1o, Julio C\u00e9sar Hidalgo, con el cual el entrenador espa\u00f1ol, Javier D\u00edaz acopla a la plantilla del cuadro constructor para resistir la exigencia del torneo y garantizar un buen funcionamiento que le permita alcanzar la ronda semifinal de la liga, que es el objetivo premium que se ha trazado la instituci\u00f3n para este primer reto del a\u00f1o.<\/p>\n<p>Por ello, Mavort ha reclutado a 3 talentos internacionales (M. Sloan y H. Fuller de Estados Unidos, m\u00e1s E. Guzman de Rep\u00fablica Dominicana) para reforzar a una rica n\u00f3mina de talentos ecuatorianos, en la cual se destacan los talentos nacionales: Ra\u00fal Cardenas, Carlos Nazareno, Engels Tenorio hijo y Carlos Carcelen, quienes van por cumplir la meta trazada para el club de llegar lo m\u00e1s alto posible en la liga.<\/p>\n<p>Para apuntalar el esfuerzo que ha puesto el club en la parte deportiva, el equipo constructor ha desplegado una extensa campa\u00f1a de promoci\u00f3n para invitar al p\u00fablico que los acompa\u00f1e en la tarea de conseguir un cupo a la ronda semifinal del certamen; por lo cual, difundiendo su participaci\u00f3n mediante prensa, afiches y medios electr\u00f3nicos desea despertar el inter\u00e9s del aficionado para respaldar al equipo constructor en su meta de hacer respetar su local\u00eda en el coliseo J.C. Hidalgo <\/p>\n<p>As\u00ed, el gran reto de Mavort iniciar\u00e1 el fin de semana del 22 al 24 de febrero, cuando entre en juego el grupo C de la Liga de las Am\u00e9ricas que tiene a Quito, como su sede principal.<\/p>\n<p>ITINERARIO DE JUEGOS DE MAVORT:<br \/>\n22 de Febrero \/ 20:15 Ecuador \/ MAVORT vs Sao Jos\u00e9 dos Campos (BRA)<br \/>\n23 de Febrero \/ 20:15 Ecuador \/ Pioneros de Quintana (MEX) vs MAVORT<br \/>\n24 de Febrero \/ 20:15 Ecuador \/ MAVORT vs Capitanes de Arecibo (PTO.RICO)<\/p>\n<p><em>Fuente: Infocancha<\/em><\/p>\n","protected":false},"excerpt":{"rendered":"<p>El cuadro constructor invita al p\u00fablico para hacer un fort\u00edn al coliseo Julio C\u00e9sar Hidalgo. Mavort ha dise\u00f1ado todo un plan deportivo e institucional para su primer desaf\u00edo importante de esta temporada: su participaci\u00f3n, como anfitri\u00f3n, en el torneo FIBA Liga de las Am\u00e9ricas; por ello, con un intensivo plan de entrenamiento y una extensa [&hellip;]<\/p>\n","protected":false},"author":7267,"featured_media":0,"comment_status":"open","ping_status":"open","sticky":false,"template":"","format":"standard","meta":{"footnotes":""},"categories":[578966],"tags":[],"class_list":["post-193","post","type-post","status-publish","format-standard","hentry","category-baloncesto-ecuatoriano"],"_links":{"self":[{"href":"https:\/\/blog.espol.edu.ec\/ronrrodr\/wp-json\/wp\/v2\/posts\/193","targetHints":{"allow":["GET"]}}],"collection":[{"href":"https:\/\/blog.espol.edu.ec\/ronrrodr\/wp-json\/wp\/v2\/posts"}],"about":[{"href":"https:\/\/blog.espol.edu.ec\/ronrrodr\/wp-json\/wp\/v2\/types\/post"}],"author":[{"embeddable":true,"href":"https:\/\/blog.espol.edu.ec\/ronrrodr\/wp-json\/wp\/v2\/users\/7267"}],"replies":[{"embeddable":true,"href":"https:\/\/blog.espol.edu.ec\/ronrrodr\/wp-json\/wp\/v2\/comments?post=193"}],"version-history":[{"count":2,"href":"https:\/\/blog.espol.edu.ec\/ronrrodr\/wp-json\/wp\/v2\/posts\/193\/revisions"}],"predecessor-version":[{"id":204,"href":"https:\/\/blog.espol.edu.ec\/ronrrodr\/wp-json\/wp\/v2\/posts\/193\/revisions\/204"}],"wp:attachment":[{"href":"https:\/\/blog.espol.edu.ec\/ronrrodr\/wp-json\/wp\/v2\/media?parent=193"}],"wp:term":[{"taxonomy":"category","embeddable":true,"href":"https:\/\/blog.espol.edu.ec\/ronrrodr\/wp-json\/wp\/v2\/categories?post=193"},{"taxonomy":"post_tag","embeddable":true,"href":"https:\/\/blog.espol.edu.ec\/ronrrodr\/wp-json\/wp\/v2\/tags?post=193"}],"curies":[{"name":"wp","href":"https:\/\/api.w.org\/{rel}","templated":true}]}}