{"id":23,"date":"2014-06-02T02:07:36","date_gmt":"2014-06-02T02:07:36","guid":{"rendered":"http:\/\/blog.espol.edu.ec\/rsvintim\/?p=23"},"modified":"2014-06-02T02:09:49","modified_gmt":"2014-06-02T02:09:49","slug":"blaise-pascal","status":"publish","type":"post","link":"https:\/\/blog.espol.edu.ec\/rsvintim\/2014\/06\/02\/blaise-pascal\/","title":{"rendered":"Blaise Pascal"},"content":{"rendered":"<p>(19\/06\/1623 - 19\/08\/1662)<br \/>\nFil\u00f3sofo, matem\u00e1tico y f\u00edsico franc\u00e9s<\/p>\n<p>Naci\u00f3 el 19 de junio de 1623 en\u00a0Clermont-Ferrand. Se traslada junto a su familia a\u00a0Par\u00eds\u00a0en el a\u00f1o 1629.<\/p>\n<p>Cuando contaba 16 a\u00f1os formul\u00f3 uno de los\u00a0teoremas b\u00e1sicos\u00a0de la geometr\u00eda proyectiva, conocido como el\u00a0Teorema de Pascal\u00a0y descrito en su\u00a0Ensayo sobre las c\u00f3nicas\u00a0(1639). En 1642 ide\u00f3 la\u00a0primera m\u00e1quina de calcular mec\u00e1nica. Mediante un experimento demostr\u00f3 en 1648 que el nivel de la columna de mercurio de un bar\u00f3metro lo determina el aumento o disminuci\u00f3n de la presi\u00f3n atmosf\u00e9rica circundante.<\/p>\n<p>En 1654 junto con\u00a0Pierre de Fermat, formul\u00f3 la\u00a0teor\u00eda matem\u00e1tica de la probabilidad, fundamental en estad\u00edsticas actuariales, matem\u00e1ticas y en los c\u00e1lculos de la f\u00edsica te\u00f3rica moderna. Otras de sus contribuciones son la deducci\u00f3n del llamado 'principio de Pascal', que establece que los l\u00edquidos transmiten presiones con la misma intensidad en todas las direcciones y sus investigaciones sobre las cantidades infinitesimales.<\/p>\n<p>En 1654 entr\u00f3 en la comunidad\u00a0jansenista\u00a0de Port Royal, donde llev\u00f3 una vida asc\u00e9tica hasta su fallecimiento. En 1656 escribi\u00f3 sus\u00a018 Provinciales, en las que ataca a los\u00a0jesuitas\u00a0por sus intentos de reconciliar el naturalismo del siglo XVI con el catolicismo ortodoxo.<\/p>\n<p>Blaise Pascal falleci\u00f3 el 19 de agosto de 1662.<\/p>\n<p>http:\/\/www.buscabiografias.com\/bios\/biografia\/verDetalle\/1227\/Blaise%20Pascal<\/p>\n","protected":false},"excerpt":{"rendered":"<p>(19\/06\/1623 - 19\/08\/1662) Fil\u00f3sofo, matem\u00e1tico y f\u00edsico franc\u00e9s Naci\u00f3 el 19 de junio de 1623 en\u00a0Clermont-Ferrand. Se traslada junto a su familia a\u00a0Par\u00eds\u00a0en el a\u00f1o 1629. Cuando contaba 16 a\u00f1os formul\u00f3 uno de los\u00a0teoremas b\u00e1sicos\u00a0de la geometr\u00eda proyectiva, conocido como el\u00a0Teorema de Pascal\u00a0y descrito en su\u00a0Ensayo sobre las c\u00f3nicas\u00a0(1639). En 1642 ide\u00f3 la\u00a0primera m\u00e1quina de [&hellip;]<\/p>\n","protected":false},"author":9111,"featured_media":0,"comment_status":"open","ping_status":"open","sticky":false,"template":"","format":"standard","meta":{"footnotes":""},"categories":[818],"tags":[],"class_list":["post-23","post","type-post","status-publish","format-standard","hentry","category-sin-categoria"],"_links":{"self":[{"href":"https:\/\/blog.espol.edu.ec\/rsvintim\/wp-json\/wp\/v2\/posts\/23","targetHints":{"allow":["GET"]}}],"collection":[{"href":"https:\/\/blog.espol.edu.ec\/rsvintim\/wp-json\/wp\/v2\/posts"}],"about":[{"href":"https:\/\/blog.espol.edu.ec\/rsvintim\/wp-json\/wp\/v2\/types\/post"}],"author":[{"embeddable":true,"href":"https:\/\/blog.espol.edu.ec\/rsvintim\/wp-json\/wp\/v2\/users\/9111"}],"replies":[{"embeddable":true,"href":"https:\/\/blog.espol.edu.ec\/rsvintim\/wp-json\/wp\/v2\/comments?post=23"}],"version-history":[{"count":2,"href":"https:\/\/blog.espol.edu.ec\/rsvintim\/wp-json\/wp\/v2\/posts\/23\/revisions"}],"predecessor-version":[{"id":26,"href":"https:\/\/blog.espol.edu.ec\/rsvintim\/wp-json\/wp\/v2\/posts\/23\/revisions\/26"}],"wp:attachment":[{"href":"https:\/\/blog.espol.edu.ec\/rsvintim\/wp-json\/wp\/v2\/media?parent=23"}],"wp:term":[{"taxonomy":"category","embeddable":true,"href":"https:\/\/blog.espol.edu.ec\/rsvintim\/wp-json\/wp\/v2\/categories?post=23"},{"taxonomy":"post_tag","embeddable":true,"href":"https:\/\/blog.espol.edu.ec\/rsvintim\/wp-json\/wp\/v2\/tags?post=23"}],"curies":[{"name":"wp","href":"https:\/\/api.w.org\/{rel}","templated":true}]}}