{"id":62,"date":"2014-06-09T01:36:23","date_gmt":"2014-06-09T01:36:23","guid":{"rendered":"http:\/\/blog.espol.edu.ec\/rtierra\/?p=62"},"modified":"2014-06-09T01:39:35","modified_gmt":"2014-06-09T01:39:35","slug":"calendario-de","status":"publish","type":"post","link":"https:\/\/blog.espol.edu.ec\/rtierra\/2014\/06\/09\/calendario-de\/","title":{"rendered":"CALENDARIO DE FERIADOS"},"content":{"rendered":"<p style=\"text-align: center\"><strong style=\"color: #373737\">CALENDARIO DE FERIADOS NACIONALES EN ECUADOR 2014<\/strong><br style=\"color: #373737\" \/><br style=\"color: #373737\" \/><\/p>\n<h1 style=\"font-weight: inherit;color: #cccccc\"><img loading=\"lazy\" decoding=\"async\" class=\"attachment-post-thumbnail wp-post-image aligncenter\" src=\"http:\/\/www.turismo.gob.ec\/wp-content\/uploads\/2013\/12\/Salinas-1.jpg\" alt=\"Salinas 1\" width=\"306\" height=\"206\" \/><\/h1>\n<p style=\"color: #373737\"><strong style=\"font-style: inherit\">Quito (02-01-2014)\u00a0<\/strong>El Ministerio de Turismo da a conocer a la ciudadan\u00eda el Calendario de\u00a0 Feriados Nacionales que regir\u00e1 durante el 2014, elaborado de acuerdo con lo que dispone el Decreto Ejecutivo, No. 1162 suscrito, en mayo del 2012, por el Presidente de la Rep\u00fablica, Rafael Correa Delgado.<\/p>\n<p style=\"color: #373737\">El mencionado Decreto regula los d\u00edas de descanso en el pa\u00eds hasta el 2015, con el prop\u00f3sito de fomentar el turismo como una actividad dinamizadora de la econom\u00eda ecuatoriana.<\/p>\n<p style=\"color: #373737\">As\u00ed el primer feriado fue el de A\u00f1o Nuevo; el segundo ser\u00e1 el de Carnaval, que iniciar\u00e1 el s\u00e1bado 1 de marzo y terminar\u00e1 el martes 04 de marzo. Las jornadas laborales de este feriado\u00a0 (3 y 4 de marzo), de acuerdo con lo que dispone art\u00edculo 3 del Decreto No 1162 deber\u00e1n recuperarse, sin recargo alguno, los dos s\u00e1bados subsiguientes; es decir el 8 y 15 de marzo, respectivamente.<\/p>\n<p style=\"color: #373737\">El tercer feriado ser\u00e1 el Viernes de Semana Santa, 18 de abril; el cuarto ser\u00e1 el jueves 1 de Mayo que corresponde al D\u00eda Internacional del Trabajo; el quinto el viernes 10 de octubre que corresponde a la Independencia de Guayaquil; el sexto, 2 y 3 de noviembre que corresponden al D\u00eda de Difuntos e Independencia de Cuenca (domingo 2 y lunes 3 de noviembre); y, el s\u00e9ptimo feriado Navidad, el mismo que de acuerdo al art\u00edculo 2 del Decreto en menci\u00f3n tendr\u00e1 un puente vacacional; es decir que este feriado iniciar\u00e1 el jueves 25 de diciembre y concluir\u00e1 el domingo 28 de diciembre de 2014.<\/p>\n<p style=\"color: #373737\"><a style=\"font-weight: inherit;font-style: inherit;color: #1982d1\" href=\"http:\/\/www.turismo.gob.ec\/wp-content\/uploads\/2013\/12\/Ba%C3%B1os.jpg\"><img loading=\"lazy\" decoding=\"async\" class=\" wp-image-10806 alignright\" src=\"http:\/\/www.turismo.gob.ec\/wp-content\/uploads\/2013\/12\/Ba%C3%B1os.jpg\" alt=\"Ba\u00f1os\" width=\"270\" height=\"179\" \/><\/a>El\u00a0 24 de mayo que se conmemora la Batalla de Pichincha y el 10 de agosto el Primer Grito de la Independencia, son fechas que forman parte del Calendario de Feriados, pero en este a\u00f1o su conmemoraci\u00f3n corresponden a los d\u00edas s\u00e1bado y\u00a0 domingo respectivamente.<\/p>\n<p style=\"color: #373737\">Este Calendario permitir\u00e1 a los ecuatorianos planificar sus desplazamientos durante el a\u00f1o y al sector tur\u00edstico a prepararse oportunamente para atender a los turistas.<\/p>\n<p style=\"color: #373737\">Es importante se\u00f1alar que el Decreto Ejecutivo No. 1162, permiti\u00f3 al Ministerio de Turismo elaborar los Calendarios de Feriados Nacionales hasta el 2015, los mismos que se encuentran publicados en la p\u00e1gina Web de esta Cartera de Estado.\u00a0<a href=\"http:\/\/www.turismo.gob.ec\/\">www.turismo.gob.ec<\/a>\u00a0en el men\u00fa\u00a0<a href=\"http:\/\/www.turismo.gob.ec\/biblioteca\/\"><strong style=\"font-style: inherit\">BIBLIOTECA<\/strong><\/a>\u00a0ubicado en la parte superior derecha de la p\u00e1gina.<\/p>\n","protected":false},"excerpt":{"rendered":"<p>CALENDARIO DE FERIADOS NACIONALES EN ECUADOR 2014 Quito (02-01-2014)\u00a0El Ministerio de Turismo da a conocer a la ciudadan\u00eda el Calendario de\u00a0 Feriados Nacionales que regir\u00e1 durante el 2014, elaborado de acuerdo con lo que dispone el Decreto Ejecutivo, No. 1162 suscrito, en mayo del 2012, por el Presidente de la Rep\u00fablica, Rafael Correa Delgado. El [&hellip;]<\/p>\n","protected":false},"author":9101,"featured_media":0,"comment_status":"open","ping_status":"open","sticky":false,"template":"","format":"standard","meta":{"footnotes":""},"categories":[818],"tags":[],"class_list":["post-62","post","type-post","status-publish","format-standard","hentry","category-sin-categoria"],"_links":{"self":[{"href":"https:\/\/blog.espol.edu.ec\/rtierra\/wp-json\/wp\/v2\/posts\/62","targetHints":{"allow":["GET"]}}],"collection":[{"href":"https:\/\/blog.espol.edu.ec\/rtierra\/wp-json\/wp\/v2\/posts"}],"about":[{"href":"https:\/\/blog.espol.edu.ec\/rtierra\/wp-json\/wp\/v2\/types\/post"}],"author":[{"embeddable":true,"href":"https:\/\/blog.espol.edu.ec\/rtierra\/wp-json\/wp\/v2\/users\/9101"}],"replies":[{"embeddable":true,"href":"https:\/\/blog.espol.edu.ec\/rtierra\/wp-json\/wp\/v2\/comments?post=62"}],"version-history":[{"count":4,"href":"https:\/\/blog.espol.edu.ec\/rtierra\/wp-json\/wp\/v2\/posts\/62\/revisions"}],"predecessor-version":[{"id":68,"href":"https:\/\/blog.espol.edu.ec\/rtierra\/wp-json\/wp\/v2\/posts\/62\/revisions\/68"}],"wp:attachment":[{"href":"https:\/\/blog.espol.edu.ec\/rtierra\/wp-json\/wp\/v2\/media?parent=62"}],"wp:term":[{"taxonomy":"category","embeddable":true,"href":"https:\/\/blog.espol.edu.ec\/rtierra\/wp-json\/wp\/v2\/categories?post=62"},{"taxonomy":"post_tag","embeddable":true,"href":"https:\/\/blog.espol.edu.ec\/rtierra\/wp-json\/wp\/v2\/tags?post=62"}],"curies":[{"name":"wp","href":"https:\/\/api.w.org\/{rel}","templated":true}]}}