{"id":76,"date":"2014-06-10T03:00:22","date_gmt":"2014-06-10T03:00:22","guid":{"rendered":"http:\/\/blog.espol.edu.ec\/rtierra\/?p=76"},"modified":"2014-06-10T03:00:22","modified_gmt":"2014-06-10T03:00:22","slug":"all-you-need","status":"publish","type":"post","link":"https:\/\/blog.espol.edu.ec\/rtierra\/2014\/06\/10\/all-you-need\/","title":{"rendered":"All You Need"},"content":{"rendered":"<p style=\"color: #666666\"><span style=\"color: #3b3b3b\">Los ecuatorianos que viajar\u00e1n al Mundial de F\u00fatbol en Brasil se convertir\u00e1n en embajadores del turismo de su pa\u00eds, seg\u00fan estrategia del Ministerio de Turismo que potenciar\u00e1 la marca <a title=\"ALL YOU NEED IS ECUADOR\" href=\"http:\/\/blog.espol.edu.ec\/rtierra\/all-you-need-is-ecuador-allyouneedisecuador\/\">All You Need<\/a> is Ecuador en la cita futbol\u00edstica.<\/span><\/p>\n<p style=\"color: #666666\"><span style=\"color: #3b3b3b\">\u201cEstamos llegando a 180 millones de personas en el mundo con la campa\u00f1a de promoci\u00f3n y queremos llegar a m\u00e1s ciudadanos del mundo a trav\u00e9s de esa gran vitrina que es el mundial\u201d, explic\u00f3 Patricio Tamariz, coordinador del Ministerio de Turismo.<\/span><\/p>\n<p style=\"color: #666666\"><span style=\"color: #3b3b3b\">Seg\u00fan inform\u00f3 el Ministerio, ser\u00e1n al menos 5,000 ecuatorianos los que tienen previsto asistir a Brasil para observar a la selecci\u00f3n, a quienes se les entregar\u00e1 un kit que contar\u00e1 de camisetas, pulseras, calcoman\u00edas y otros distintivos con la leyenda \u201cAll You Need is Ecuador\u201d para que los luzcan en cada partido.<\/span><\/p>\n<p style=\"color: #666666\"><span style=\"color: #3b3b3b\">Tambi\u00e9n se pedir\u00e1 a los viajeros que se interesen por promocionar las bellezas naturales y los principales destinos del pa\u00eds para incentivar el turismo hacia Ecuador. Los participantes, a su vez, se har\u00e1n acreedores a premios como viajes en el Tren Crucero, <a title=\"Monta\u00f1ita \u2013 Beach Life\" href=\"http:\/\/blog.espol.edu.ec\/rtierra\/montanita-beach-life\/\">monta\u00f1ita<\/a> y otros.<\/span><\/p>\n<p style=\"color: #666666\">El funcionario inform\u00f3 que, paralelamente, en aeropuertos y los estadios brasile\u00f1os se colocar\u00e1n pancartas y buses con distintivos ecuatorianos para atraer al turismo brasile\u00f1o, que es bajo en relaci\u00f3n con otros pa\u00edses de la regi\u00f3n con un promedio de 19,000 visitas anuales.<\/p>\n","protected":false},"excerpt":{"rendered":"<p>Los ecuatorianos que viajar\u00e1n al Mundial de F\u00fatbol en Brasil se convertir\u00e1n en embajadores del turismo de su pa\u00eds, seg\u00fan estrategia del Ministerio de Turismo que potenciar\u00e1 la marca All You Need is Ecuador en la cita futbol\u00edstica. \u201cEstamos llegando a 180 millones de personas en el mundo con la campa\u00f1a de promoci\u00f3n y queremos [&hellip;]<\/p>\n","protected":false},"author":9101,"featured_media":0,"comment_status":"open","ping_status":"open","sticky":false,"template":"","format":"standard","meta":{"footnotes":""},"categories":[818],"tags":[],"class_list":["post-76","post","type-post","status-publish","format-standard","hentry","category-sin-categoria"],"_links":{"self":[{"href":"https:\/\/blog.espol.edu.ec\/rtierra\/wp-json\/wp\/v2\/posts\/76","targetHints":{"allow":["GET"]}}],"collection":[{"href":"https:\/\/blog.espol.edu.ec\/rtierra\/wp-json\/wp\/v2\/posts"}],"about":[{"href":"https:\/\/blog.espol.edu.ec\/rtierra\/wp-json\/wp\/v2\/types\/post"}],"author":[{"embeddable":true,"href":"https:\/\/blog.espol.edu.ec\/rtierra\/wp-json\/wp\/v2\/users\/9101"}],"replies":[{"embeddable":true,"href":"https:\/\/blog.espol.edu.ec\/rtierra\/wp-json\/wp\/v2\/comments?post=76"}],"version-history":[{"count":1,"href":"https:\/\/blog.espol.edu.ec\/rtierra\/wp-json\/wp\/v2\/posts\/76\/revisions"}],"predecessor-version":[{"id":77,"href":"https:\/\/blog.espol.edu.ec\/rtierra\/wp-json\/wp\/v2\/posts\/76\/revisions\/77"}],"wp:attachment":[{"href":"https:\/\/blog.espol.edu.ec\/rtierra\/wp-json\/wp\/v2\/media?parent=76"}],"wp:term":[{"taxonomy":"category","embeddable":true,"href":"https:\/\/blog.espol.edu.ec\/rtierra\/wp-json\/wp\/v2\/categories?post=76"},{"taxonomy":"post_tag","embeddable":true,"href":"https:\/\/blog.espol.edu.ec\/rtierra\/wp-json\/wp\/v2\/tags?post=76"}],"curies":[{"name":"wp","href":"https:\/\/api.w.org\/{rel}","templated":true}]}}