{"id":81,"date":"2009-06-22T00:44:49","date_gmt":"2009-06-22T04:44:49","guid":{"rendered":"http:\/\/blog.espol.edu.ec\/sara\/?p=81"},"modified":"2009-06-22T00:49:01","modified_gmt":"2009-06-22T04:49:01","slug":"se-acerca-una-catastrofe-climatica-advierten-los-cientificos","status":"publish","type":"post","link":"https:\/\/blog.espol.edu.ec\/sara\/2009\/06\/22\/se-acerca-una-catastrofe-climatica-advierten-los-cientificos\/","title":{"rendered":"Se acerca una cat\u00e1strofe clim\u00e1tica, advierten los cient\u00edficos"},"content":{"rendered":"<p><img loading=\"lazy\" decoding=\"async\" src=\"http:\/\/blstb.msn.com\/i\/52\/224E2E45FEFAB530EA8CCA8630967E.jpg\" alt=\"El mundo se enfrenta a un creciente riesgo de &quot;cambios clim\u00e1ticos abruptos e irreversibles&quot;, a causa de un calentamiento global m\u00e1s fuerte de lo previsto, seg\u00fan un informe de cient\u00edficos internacionales divulgado el 18 de junio de 2009.\" width=\"245\" height=\"154\" \/><\/p>\n<p><span style=\"color: #00ff00\">Revisando mi correo acabo de encontrarme con una noticia que me alarm\u00f3, y que merece ser compartida con el resto!! El calentamiento global, y sus consecuencias que se ven\u00edan advirtiendo, y tomaron mayor notoriedad mundial \u00a0gracias a los documentales de Al Gore y Leonardo Di Caprio, parecen llegar mucho m\u00e1s pronto de lo que se esperaba, y con una mayor fuerza. Tal parece que los intentos que se han venido realizando durante los \u00faltimos a\u00f1os, no han sido ni ser\u00e1n suficientes para poder frenar toda aquella avalancha que el planeta ha venido cargando gracias a las actividades humanas de los \u00faltimos siglos. El calentamiento global es un hecho, pero la alarma mundial ha aumentado debido a las nuevas evidencias que lo corroboran, como el deshielo de los glaciares, los cuales se piensan estar\u00e1n hasta algunos a\u00f1os m\u00e1s. Esta es una voz de alerta para los pa\u00edses industrializados, a 6 meses de que se realice \u00a0una reuni\u00f3n de las Naciones Unidas para analizar el Tratado de Kyoto.<\/span><\/p>\n<p><span style=\"color: #00ff00\">Si bien nosotros no tenemos la culpa de todo este da\u00f1o, tampoco podemos quedarnos con las amnos cruzadas esperando ver como nuestro \u00fanico hogar se destruye. Todo empieza con un peque\u00f1o esfuerzo. Mucho se ha comentado sobre las cosas que podemos hacer para cuidar el ambiente, como el reciclaje, el cuidado del agua, y otras peque\u00f1as cosas de nuestra vida diaria. Si pasamos la voz, resultados podremos lograr.<\/span><\/p>\n<p><span style=\"color: #00ff00\">Para revisar la noticia completa, el link es:<\/span><\/p>\n<p><a href=\"http:\/\/noticias.latam.msn.com\/articulo.aspx?cp-documentid=20468748\">http:\/\/noticias.latam.msn.com\/articulo.aspx?cp-documentid=20468748<\/a><\/p>\n","protected":false},"excerpt":{"rendered":"<p>Revisando mi correo acabo de encontrarme con una noticia que me alarm\u00f3, y que merece ser compartida con el resto!! El calentamiento global, y sus consecuencias que se ven\u00edan advirtiendo, y tomaron mayor notoriedad mundial \u00a0gracias a los documentales de Al Gore y Leonardo Di Caprio, parecen llegar mucho m\u00e1s pronto de lo que se [&hellip;]<\/p>\n","protected":false},"author":1579,"featured_media":0,"comment_status":"open","ping_status":"open","sticky":false,"template":"","format":"standard","meta":{"footnotes":""},"categories":[1257],"tags":[8322,172,465,748,3805,8326,8323,1873,4795,8327,8325,8324],"class_list":["post-81","post","type-post","status-publish","format-standard","hentry","category-actualidad","tag-al-gore","tag-calentamiento-global","tag-cambio-climatico","tag-ciencia","tag-cientificos","tag-la-verdad-incomoda","tag-leonardo-di-caprio","tag-medio-ambiente","tag-onu","tag-premio-nobel","tag-reciclaje","tag-tratado-de-kyoto"],"_links":{"self":[{"href":"https:\/\/blog.espol.edu.ec\/sara\/wp-json\/wp\/v2\/posts\/81","targetHints":{"allow":["GET"]}}],"collection":[{"href":"https:\/\/blog.espol.edu.ec\/sara\/wp-json\/wp\/v2\/posts"}],"about":[{"href":"https:\/\/blog.espol.edu.ec\/sara\/wp-json\/wp\/v2\/types\/post"}],"author":[{"embeddable":true,"href":"https:\/\/blog.espol.edu.ec\/sara\/wp-json\/wp\/v2\/users\/1579"}],"replies":[{"embeddable":true,"href":"https:\/\/blog.espol.edu.ec\/sara\/wp-json\/wp\/v2\/comments?post=81"}],"version-history":[{"count":3,"href":"https:\/\/blog.espol.edu.ec\/sara\/wp-json\/wp\/v2\/posts\/81\/revisions"}],"predecessor-version":[{"id":83,"href":"https:\/\/blog.espol.edu.ec\/sara\/wp-json\/wp\/v2\/posts\/81\/revisions\/83"}],"wp:attachment":[{"href":"https:\/\/blog.espol.edu.ec\/sara\/wp-json\/wp\/v2\/media?parent=81"}],"wp:term":[{"taxonomy":"category","embeddable":true,"href":"https:\/\/blog.espol.edu.ec\/sara\/wp-json\/wp\/v2\/categories?post=81"},{"taxonomy":"post_tag","embeddable":true,"href":"https:\/\/blog.espol.edu.ec\/sara\/wp-json\/wp\/v2\/tags?post=81"}],"curies":[{"name":"wp","href":"https:\/\/api.w.org\/{rel}","templated":true}]}}