{"id":5,"date":"2012-11-19T23:07:29","date_gmt":"2012-11-19T23:07:29","guid":{"rendered":"http:\/\/blog.espol.edu.ec\/sgrivera\/?p=5"},"modified":"2012-11-19T23:09:09","modified_gmt":"2012-11-19T23:09:09","slug":"5","status":"publish","type":"post","link":"https:\/\/blog.espol.edu.ec\/sgrivera\/2012\/11\/19\/5\/","title":{"rendered":"Comparto esta interesante noticia con ustedes :)"},"content":{"rendered":"<h1>Un \u00e1rbol provoc\u00f3 el gigantesco apag\u00f3n en Buenos Aires<\/h1>\n<div>Un \u00e1rbol de eucalipto que no fue podado caus\u00f3 el gigantesco apag\u00f3n que la semana pasada afect\u00f3 a 3,4 millones de personas en Buenos Aires y su periferia, dijo este jueves el l\u00edder sindical del sector, \u00d3scar Lescano, que desestim\u00f3 un sabotaje como denunci\u00f3 el Gobierno.<\/div>\n<div>\n<hr \/>\n<hr \/>\n<\/div>\n<div>\n<div>\n<div>\n<div>\n<p><img loading=\"lazy\" decoding=\"async\" src=\"http:\/\/blu.stb.s-msn.com\/i\/35\/C7BB64E74C95A5BF131B7A714447_h276_w430_m2_q80_cHfsKuojd.jpg\" alt=\"Un \u00e1rbol de eucalipto que no fue podado caus\u00f3 el gigantesco apag\u00f3n que la semana pasada afect\u00f3 a 3,4 millones de personas en Buenos Aires y su periferia, dijo este jueves el l\u00edder sindical del sector, \u00d3scar Lescano, que desestim\u00f3 un sabotaje como denunci\u00f3 el gobierno.\" width=\"430\" height=\"275\" \/><\/p>\n<p>Un \u00e1rbol de eucalipto que no fue podado caus\u00f3 el gigantesco apag\u00f3n que la semana pasada afect\u00f3 a 3,4 millones de personas en Buenos Aires y su periferia, dijo este jueves el l\u00edder sindical del sector, \u00d3scar Lescano, que desestim\u00f3 un sabotaje como denunci\u00f3 el gobierno.<\/p>\n<\/div>\n<\/div>\n<p>Un \u00e1rbol de eucalipto que no fue podado caus\u00f3 el gigantesco apag\u00f3n que la semana pasada afect\u00f3 a 3,4 millones de personas en Buenos Aires y su periferia, dijo este jueves el l\u00edder sindical del sector, \u00d3scar Lescano, que desestim\u00f3 un sabotaje como denunci\u00f3 el Gobierno.<\/p>\n<p>\"No fue un sabotaje. Lo que alguien dijo de que 'se baj\u00f3 la palanca' (sabotaje) fue una imprudencia. Fueron los \u00e1rboles de la zona los que tocaron los cables y provocaron el siniestro\", asegur\u00f3 Lescano a los periodistas tras declarar ante la justicia por una denuncia del gobierno por supuesto sabotaje.<\/p>\n<p>Lescano, l\u00edder del sindicato de Luz y Fuerza, detall\u00f3 que el apag\u00f3n se produjo porque \"los eucaliptos no hab\u00edan sido podados y uno toc\u00f3 una l\u00ednea de alta tensi\u00f3n, se produjo una descarga el\u00e9ctrica que quem\u00f3 la rama, generando una serie de hechos que interrumpieron el servicio en cuatro centrales\" de suministro de luz.<\/p>\n<p>El gremialista, cercano a la presidenta argentina, Cristina Kirchner, a\u00f1adi\u00f3 que el Gobierno \"hizo podar los \u00e1rboles poco despu\u00e9s\".<\/p>\n<p>El ministro de Planificaci\u00f3n, Julio de Vido, present\u00f3 la denuncia a la justicia por un presunto sabotaje en el apag\u00f3n ocurrido el 7 de noviembre, un d\u00eda antes de una multitudinaria marcha opositora.<\/p>\n<p>Sectores del gobierno sospechan que el apag\u00f3n fue provocado con la intenci\u00f3n de que los vecinos disconformes por el corte de energ\u00eda en medio de una agobiante temperatura se sumaran a la marcha opositora.<\/p>\n<\/div>\n<\/div>\n","protected":false},"excerpt":{"rendered":"<p>Un \u00e1rbol provoc\u00f3 el gigantesco apag\u00f3n en Buenos Aires Un \u00e1rbol de eucalipto que no fue podado caus\u00f3 el gigantesco apag\u00f3n que la semana pasada afect\u00f3 a 3,4 millones de personas en Buenos Aires y su periferia, dijo este jueves &hellip; <a href=\"https:\/\/blog.espol.edu.ec\/sgrivera\/2012\/11\/19\/5\/\">Sigue leyendo <span class=\"meta-nav\">&rarr;<\/span><\/a><\/p>\n","protected":false},"author":8318,"featured_media":0,"comment_status":"open","ping_status":"open","sticky":false,"template":"","format":"standard","meta":{"footnotes":""},"categories":[818],"tags":[],"class_list":["post-5","post","type-post","status-publish","format-standard","hentry","category-sin-categoria"],"_links":{"self":[{"href":"https:\/\/blog.espol.edu.ec\/sgrivera\/wp-json\/wp\/v2\/posts\/5","targetHints":{"allow":["GET"]}}],"collection":[{"href":"https:\/\/blog.espol.edu.ec\/sgrivera\/wp-json\/wp\/v2\/posts"}],"about":[{"href":"https:\/\/blog.espol.edu.ec\/sgrivera\/wp-json\/wp\/v2\/types\/post"}],"author":[{"embeddable":true,"href":"https:\/\/blog.espol.edu.ec\/sgrivera\/wp-json\/wp\/v2\/users\/8318"}],"replies":[{"embeddable":true,"href":"https:\/\/blog.espol.edu.ec\/sgrivera\/wp-json\/wp\/v2\/comments?post=5"}],"version-history":[{"count":3,"href":"https:\/\/blog.espol.edu.ec\/sgrivera\/wp-json\/wp\/v2\/posts\/5\/revisions"}],"predecessor-version":[{"id":7,"href":"https:\/\/blog.espol.edu.ec\/sgrivera\/wp-json\/wp\/v2\/posts\/5\/revisions\/7"}],"wp:attachment":[{"href":"https:\/\/blog.espol.edu.ec\/sgrivera\/wp-json\/wp\/v2\/media?parent=5"}],"wp:term":[{"taxonomy":"category","embeddable":true,"href":"https:\/\/blog.espol.edu.ec\/sgrivera\/wp-json\/wp\/v2\/categories?post=5"},{"taxonomy":"post_tag","embeddable":true,"href":"https:\/\/blog.espol.edu.ec\/sgrivera\/wp-json\/wp\/v2\/tags?post=5"}],"curies":[{"name":"wp","href":"https:\/\/api.w.org\/{rel}","templated":true}]}}