{"id":4,"date":"2010-12-05T03:02:59","date_gmt":"2010-12-05T03:02:59","guid":{"rendered":"http:\/\/blog.espol.edu.ec\/silanpaz\/?p=4"},"modified":"2010-12-13T02:20:20","modified_gmt":"2010-12-13T02:20:20","slug":"apple-computer","status":"publish","type":"post","link":"https:\/\/blog.espol.edu.ec\/silanpaz\/2010\/12\/05\/apple-computer\/","title":{"rendered":"Apple Computer"},"content":{"rendered":"<p style=\"text-align: center\"><strong><a href=\"Apple%20Inc..wmv\">Apple Computer<\/a><\/strong><\/p>\n<div style=\"text-align: left\">\n<ul>\n<li>\u009eSteve Jobs y Wozniac, dos ingenieros, comenzaron en 1976 a crear el primer ordenador. Lograron vender 50 unidades y aparecieron Apple I y Apple II.<\/li>\n<li>\n<div>\u009eEn\u00a0enero del 2010\u00a0se presenta al p\u00fablico el\u00a0iPad, una nueva clase de dispositivo,<\/div>\n<\/li>\n<li>\n<div>Se anuncia que Apple ha vendido desde el\u00a02001\u00a0m\u00e1s de 250 millones de\u00a0iPod\u2019s.<\/div>\n<\/li>\n<li>\n<div>En el WWDC Apple present\u00f3 su nuevo\u00a0iPhone4, que recibi\u00f3 varias cr\u00edticas por sus problemas con el dise\u00f1o de la antena, ahora, a causa de ese problema, con la compra de un iPhone 4, regalan una funda bungie, que supuestamente, hace disminuir los problemas.<\/div>\n<\/li>\n<li>\n<div>Actualmente gracias a \u2018Greenpeace\u2019 (que lider\u00f3 una campa\u00f1a para que Apple dejase de utilizar materiales altamente contaminantes). Actualmente Apple ya ha cambiado su pol\u00edtica y se pone como l\u00edder en la empresa que menos productos t\u00f3xicos usa.<\/div>\n<div>\u009ePara noviembre del presente a\u00f1o se crear\u00e1 la posibilidad de imprimir v\u00eda Wifi en iPad de una manera sencilla, f\u00e1cil y GRATIS.<\/div>\n<\/li>\n<li>\n<div>\u009eEl futuro de Apple es brillante como lo a sido hasta hora siempre innovando sus productos y mejor\u00e1ndolos para que sean los m\u00e1s competentes y efectivos de los mercados mundiales.<\/div>\n<div>\u009eA pesar de la cr\u00edtica Apple seguir\u00e1 con sus dise\u00f1os novedosos.<\/div>\n<\/li>\n<\/ul>\n<\/div>\n<div style=\"text-align: left\"><strong>Directivos<\/strong><\/div>\n<div style=\"text-align: left\">\n<div>\u009eSteve Jobs:\u00a0CEO<\/div>\n<div>\u009eTimothy D. Cook:\u00a0COO<\/div>\n<div>\u009eBertrand Serlet:\u00a0vicepresidente\u00a0de ingenier\u00eda de software<\/div>\n<div>\u009eScott Forstall: vicepresidente de\u00a0software\u00a0de\u00a0iPhone<\/div>\n<div>\u009eJonathan Ive: vicepresidente de\u00a0dise\u00f1o industrial<\/div>\n<div>\u009ePeter Oppenheimer:\u00a0CFO<\/div>\n<div>\u009ePhilip W. Schiller: vicepresidente de\u00a0mercadeo\u00a0mundial<\/div>\n<\/div>\n<div><strong>Software<\/strong><\/div>\n<div>\n<div>\u009eSuite\u00a0iLife<\/div>\n<div>\u0097iPhoto<\/div>\n<div>\u0097iWeb<\/div>\n<div>\u0097iMovie<\/div>\n<div>\u0097GarageBand<\/div>\n<div>\u0097iDVD<\/div>\n<div>\u009eSuite\u00a0iWork<\/div>\n<div>\u0097Keynote<\/div>\n<div>\u0097Pages<\/div>\n<div>\u0097Numbers<\/div>\n<div>\n<div>\u009eAplicaciones profesionales<\/div>\n<div>\u0097Aperture<\/div>\n<div>\u0097Final Cut<\/div>\n<div>\u0097Logic Studio<\/div>\n<div>\u009eMultimedia y otros<\/div>\n<div>\u0097iTunes<\/div>\n<div>\u0097iTunes Store<\/div>\n<div>\u0097App Store<\/div>\n<div>\u0097QuickTime<\/div>\n<div>\u0097Safari (navegador web)<\/div>\n<div>\u0097MobileMe<\/div>\n<div>\u0097Time Machine<\/div>\n<div>\u0097Xsan<\/div>\n<\/div>\n<div><strong>Sistemas operativos<\/strong><\/div>\n<div>\n<div>\u009eClassic<\/div>\n<div>\u0097System 6<\/div>\n<div>\u0097System 7<\/div>\n<div>\u0097Mac OS 8<a href=\"http:\/\/es.wikipedia.org\/wiki\/Mac_OS_9\"> <\/a><\/div>\n<div>\u009eMac OS X<\/div>\n<div>\u0097Mac OS x Cheetah(Versi\u00f3n 10.0)<\/div>\n<div>\u0097Mac OS X<\/div>\n<div>\n<div>\u0097Jaguar(Versi\u00f3n 10.2)<\/div>\n<div>\u0097Mac OS X Panther(Versi\u00f3n 10.3)<\/div>\n<div>\u0097Mac OS X Tiger(Versi\u00f3n 10.4)<\/div>\n<div>\u0097Mac OS X Leopard(Versi\u00f3n 10.5)<\/div>\n<div>\u0097Mac OS X Snow Leopard(Versi\u00f3n 10.6)<\/div>\n<div>\n<div>\u009eMac OS X Server<\/div>\n<div>\u0097Mac OS X Server 1.2<\/div>\n<div>\u0097Mac OS X Server Cheetah\u00a0(Versi\u00f3n 10.0)<\/div>\n<div>\u0097Mac OS X Server Puma(Versi\u00f3n 10.1)<\/div>\n<div>\u0097Mac OS X Server Jaguar\u00a0(Versi\u00f3n 10.2)<\/div>\n<div>\u0097Mac OS X Server Panther\u00a0(Versi\u00f3n 10.3)<\/div>\n<div>\n<div>\u0097Mac OS X Server Tiger(Versi\u00f3n 10.4)<\/div>\n<div>\u0097Mac OS X Server Leopard\u00a0(Versi\u00f3n 10.5)<\/div>\n<div>\u0097Mac OS X Server Snow Leopard(Versi\u00f3n 10.6)<\/div>\n<div>\u009eiOS<\/div>\n<div>\u009eiOS 4<\/div>\n<div><em><strong>Bibliograf\u00eda<\/strong><\/em><\/div>\n<div>\n<div>\u009eApple-wikipedia, la enciclopedia libre<\/div>\n<div>\u009ehttp:\/\/maczana.es<\/div>\n<div>\u009eappleweblog.com<\/div>\n<div>\u009ehttp:\/\/store.apple.com<\/div>\n<div>\u009ehttp:\/\/www.apple.com<\/div>\n<\/div>\n<\/div>\n<\/div>\n<\/div>\n<\/div>\n<\/div>\n","protected":false},"excerpt":{"rendered":"<p>Apple Computer \u009eSteve Jobs y Wozniac, dos ingenieros, comenzaron en 1976 a crear el primer ordenador. Lograron vender 50 unidades y aparecieron Apple I y Apple II. \u009eEn\u00a0enero del 2010\u00a0se presenta al p\u00fablico el\u00a0iPad, una nueva clase de dispositivo, Se anuncia que Apple ha vendido desde el\u00a02001\u00a0m\u00e1s de 250 millones de\u00a0iPod\u2019s. En el WWDC Apple [&hellip;]<\/p>\n","protected":false},"author":5393,"featured_media":0,"comment_status":"open","ping_status":"open","sticky":false,"template":"","format":"standard","meta":{"footnotes":""},"categories":[12502],"tags":[14826],"class_list":["post-4","post","type-post","status-publish","format-standard","hentry","category-tecnologias-de-informacion","tag-apple-computer"],"_links":{"self":[{"href":"https:\/\/blog.espol.edu.ec\/silanpaz\/wp-json\/wp\/v2\/posts\/4","targetHints":{"allow":["GET"]}}],"collection":[{"href":"https:\/\/blog.espol.edu.ec\/silanpaz\/wp-json\/wp\/v2\/posts"}],"about":[{"href":"https:\/\/blog.espol.edu.ec\/silanpaz\/wp-json\/wp\/v2\/types\/post"}],"author":[{"embeddable":true,"href":"https:\/\/blog.espol.edu.ec\/silanpaz\/wp-json\/wp\/v2\/users\/5393"}],"replies":[{"embeddable":true,"href":"https:\/\/blog.espol.edu.ec\/silanpaz\/wp-json\/wp\/v2\/comments?post=4"}],"version-history":[{"count":2,"href":"https:\/\/blog.espol.edu.ec\/silanpaz\/wp-json\/wp\/v2\/posts\/4\/revisions"}],"predecessor-version":[{"id":59,"href":"https:\/\/blog.espol.edu.ec\/silanpaz\/wp-json\/wp\/v2\/posts\/4\/revisions\/59"}],"wp:attachment":[{"href":"https:\/\/blog.espol.edu.ec\/silanpaz\/wp-json\/wp\/v2\/media?parent=4"}],"wp:term":[{"taxonomy":"category","embeddable":true,"href":"https:\/\/blog.espol.edu.ec\/silanpaz\/wp-json\/wp\/v2\/categories?post=4"},{"taxonomy":"post_tag","embeddable":true,"href":"https:\/\/blog.espol.edu.ec\/silanpaz\/wp-json\/wp\/v2\/tags?post=4"}],"curies":[{"name":"wp","href":"https:\/\/api.w.org\/{rel}","templated":true}]}}