{"id":269,"date":"2023-07-07T06:46:10","date_gmt":"2023-07-07T11:46:10","guid":{"rendered":"http:\/\/blog.espol.edu.ec\/sistinfo\/?p=269"},"modified":"2026-04-01T03:14:04","modified_gmt":"2026-04-01T08:14:04","slug":"1eva2022paoii-caso-feria-pymes-mundo","status":"publish","type":"post","link":"https:\/\/blog.espol.edu.ec\/sistinfo\/1eva2022paoii-caso-feria-pymes-mundo\/","title":{"rendered":"1Eva2022PAOII Caso Feria +Pymes para el mundo"},"content":{"rendered":"<h4>1ra Evaluaci\u00f3n 2022-2023 PAO II. 23\/Noviembre\/2022<\/h4>\n<h2>Caso: Feria +Pymes para el mundo en busca de oportunidades de negocios 2022<\/h2>\n<p>Mercados, innovaci\u00f3n, conocimiento y financiamiento son los cuatro pilares que se abordar\u00e1n en la feria +PYMES para el mundo que se desarroll\u00f3 en Quito con la participaci\u00f3n de 500 empresas nacionales. Este espacio busca generar un intercambio de experiencias y oportunidades para el desarrollo de peque\u00f1as y medianas empresas, as\u00ed como para los emprendimientos con potencial de inversi\u00f3n que puedan vincularse al ecosistema de negocios.<\/p>\n<p>Charlas, mentor\u00edas, Ruedas de negocio, showrooms y testing lab forman parte de este evento que abre la puerta a artesanos o peque\u00f1os empresarios que quieren aprender sobre alternativas de financiamiento, transformaci\u00f3n digital, sostenibilidad y fortalecimiento de la cadena de valor, entre otras tem\u00e1ticas.<\/p>\n<p>\u201cQueremos que los emprendedores sepan sobre las Ruedas de mercado, c\u00f3mo funcionan, cu\u00e1ndo aplicar, c\u00f3mo anclarse a estos retails (\u2026) c\u00f3mo innovar, opciones para financiarse y acceso a mercados, que son componentes b\u00e1sicos para las PYMES\u201d[3]<\/p>\n<p>+PYMES para el Mundo pone a disposici\u00f3n los procesos y servicios que los actores privados, cooperaci\u00f3n internacional, academia y el Gobierno promueven para la consolidaci\u00f3n, desarrollo e internacionalizaci\u00f3n de las PYMES.<\/p>\n<p>Se abordaron, entre otros temas: Transformaci\u00f3n digital para PYMES, Herramientas para comercio electr\u00f3nico, crowlending y crowfunding \u2013 inclusi\u00f3n financiera, Compras sostenibles del sector p\u00fablico, Exportaciones y sus estrategias, Emprendimientos, \u00e1ngeles e inversores. La participaci\u00f3n en cada una de las actividades estar\u00e1 abierta al p\u00fablico de manera gratuita, previo registro.<\/p>\n<p><strong>Referencias<\/strong>: [1] Feria reunir\u00e1 por tres d\u00edas a alrededor de 500 pymes en busca de oportunidades de negocios. Eluniverso.com. 22-noviembre-2022. https:\/\/www.eluniverso.com\/noticias\/economia\/feria-reunira-por-tres-dias-a-alrededor-de-500-pymes-en-busca-de-oportunidades-de-negocios-nota\/<\/p>\n<p>[2] M\u00e1s de 100 mipymes presentar\u00e1n su oferta tur\u00edstica en una feria en Quito, entre viernes y domingo. Eluniverso.com 22-noviembre-2022. https:\/\/www.eluniverso.com\/noticias\/ecuador\/mas-de-100-mipymes-presentaran-su-oferta-turistica-en-una-feria-en-quito-entre-viernes-y-domingo-nota<\/p>\n<p>[3] Feria +PYMES para el mundo re\u00fane a 500 empresas. Elcomercio.com 23-noviembre-2022. https:\/\/elmercurio.com.ec\/2022\/11\/23\/feria-pymes-500-empresas\/<\/p>\n<p>[4] La C\u00e1mara de Comercio de Quito celebr\u00f3 el MiPymes Day. Elcomercio.com 14-Julio-2022. https:\/\/criteriosdigital.com\/la-camara\/mpoveda\/la-camara-de-comercio-de-quito-celebro-el-mipymes-day\/<\/p>\n<p>[5] Feria Nacional de Turismo Ecuador Travel 2022. TVC Saboreando la ma\u00f1ana. 23-Nov-2023. https:\/\/youtu.be\/0Ii94tK3UuU<\/p>\n<p>[6] +Pymes para el Mundo Presencial 23, 24 y 25 de Noviembre 2022. https:\/\/t.co\/SpKArZn7Gh<\/p>\n<p>[7] Resultado: +M\u00e1s pymes para el Mundo. Ministerio de Producci\u00f3n Ecuador. 28 nov 2022.<\/p>\n<p><iframe loading=\"lazy\" title=\"Resultado: +M\u00e1s pymes para el Mundo\" width=\"500\" height=\"281\" src=\"https:\/\/www.youtube.com\/embed\/OoTeAeJNeAc?feature=oembed\" frameborder=\"0\" allow=\"accelerometer; autoplay; clipboard-write; encrypted-media; gyroscope; picture-in-picture; web-share\" referrerpolicy=\"strict-origin-when-cross-origin\" allowfullscreen><\/iframe><\/p>\n<hr \/>\n<p>En cada pregunta, desarrolle al menos un p\u00e1rrafo completo, oraciones completas justificando su respuesta acorde a los conceptos de las unidades revisadas del curso.<\/p>\n<h2>1. Preguntas te\u00f3ricas<\/h2>\n<p>1.1. \u00bfQue es un sistema de informaci\u00f3n? Complemente su descripci\u00f3n con el caso presentado<\/p>\n<p>1.2. \u00bfQu\u00e9 son los procesos de negocios? Describa la relaci\u00f3n con los sistemas de informaci\u00f3n.<\/p>\n<p>1.3. Describa uno de los sistemas para atender a grupos gerenciales. TPS, MIS, DSS, ESS<\/p>\n<h2>2. Componente sobre el Sistema de Informaci\u00f3n<\/h2>\n<p>Para el caso presentado, considere desarrollar el tema a partir de: la gesti\u00f3n log\u00edstica las ubicaciones para las Pymes, la gesti\u00f3n de las charlas informativas y participantes, la gesti\u00f3n de ventas de productos y servicios durante el evento.<\/p>\n<p>2.1. Realice la descripci\u00f3n conceptualizada un proceso, establezca las partes como referencia para la secci\u00f3n de base de datos.<\/p>\n<p>2.2. Clasifique el proceso presentado como aplicaci\u00f3n empresarial (paquete de software)<\/p>\n<p>2.3. Analice si lo descrito al considerarlo como como e-commerce, e-bussiness o e-goverment<\/p>\n<p>2.4. Establezca las relaciones que se forman en el proceso entre las partes que intervienen descritas en el numeral 2.1.<\/p>\n<p>2.5. \u00bfQu\u00e9 tipo de pregunta gerencial realizar\u00eda con los datos registrados del negocio para mejorar el desempe\u00f1o del proceso? Describa e indique la formas, valores o listados que se deber\u00eda disponer para analizar lo propuesto.<\/p>\n<p>2.6. Describa uno o varios problemas identificados en la administraci\u00f3n de los datos.<\/p>\n<p>2.7. Presente sus observaciones sobre c\u00f3mo la administraci\u00f3n de la informaci\u00f3n ser\u00eda si no se usa una base de datos.<\/p>\n<p>2.8. Use el esquema para la relaci\u00f3n entre los aspectos \u00e9ticos, sociales y pol\u00edticos clasifique los temas planteados en el numeral 2.1.<\/p>\n<h2>3. Componente sobre base de datos<\/h2>\n<p>Desarrolle una base de datos (en Ms Access) que implemente la parte b\u00e1sica del proceso descrito en el componente te\u00f3rico, para lo cual se requiere:<\/p>\n<p>3.1. Dise\u00f1e las tablas a usar en la base de datos, acorde a las partes que intervienen. Adjunte la imagen del dise\u00f1o para dos de las tablas.<\/p>\n<p>3.2. Realice un esquema de relaciones de base datos: Tablas, campos, claves, relaciones. Muestre las partes donde se requiere integridad referencial, donde se registra las \"transacciones\", las relaciones entre ellas. Adjunte imagen.<\/p>\n<p>3.3. Desarrolle una consulta sobre los t\u00f3picos descritos en el componente te\u00f3rico, numeral 2.5.<\/p>\n<p>3.4. Elabore al menos un formulario para el ingreso y manejo de datos de una tabla. Haga uso de cuadros combinados donde sea necesario.<\/p>\n<p>3.5. Implemente donde sea necesario un formulario y subformulario. Incluya las operaciones necesarias dentro de instrucciones de c\u00f3digo, consultas, etc.<\/p>\n<p><strong>R\u00fabrica<\/strong>: preguntas 1.1 a 2.8 excepto 2.3 (5 puntos c\/u), preguntas 2.3 (10 puntos), preguntas secci\u00f3n 3.1, 3.3, 3.5 (10 puntos), 3.2 y 3.4 (5 puntos)<\/p>\n","protected":false},"excerpt":{"rendered":"<p>1ra Evaluaci\u00f3n 2022-2023 PAO II. 23\/Noviembre\/2022 Caso: Feria +Pymes para el mundo en busca de oportunidades de negocios 2022 Mercados, innovaci\u00f3n, conocimiento y financiamiento son los cuatro pilares que se abordar\u00e1n en la feria +PYMES para el mundo que se desarroll\u00f3 en Quito con la participaci\u00f3n de 500 empresas nacionales. Este espacio busca generar un [&hellip;]<\/p>\n","protected":false},"author":8043,"featured_media":0,"comment_status":"closed","ping_status":"closed","sticky":false,"template":"","format":"standard","meta":{"footnotes":""},"categories":[4269],"tags":[],"class_list":["post-269","post","type-post","status-publish","format-standard","hentry","category-evaluaciones"],"_links":{"self":[{"href":"https:\/\/blog.espol.edu.ec\/sistinfo\/wp-json\/wp\/v2\/posts\/269","targetHints":{"allow":["GET"]}}],"collection":[{"href":"https:\/\/blog.espol.edu.ec\/sistinfo\/wp-json\/wp\/v2\/posts"}],"about":[{"href":"https:\/\/blog.espol.edu.ec\/sistinfo\/wp-json\/wp\/v2\/types\/post"}],"author":[{"embeddable":true,"href":"https:\/\/blog.espol.edu.ec\/sistinfo\/wp-json\/wp\/v2\/users\/8043"}],"replies":[{"embeddable":true,"href":"https:\/\/blog.espol.edu.ec\/sistinfo\/wp-json\/wp\/v2\/comments?post=269"}],"version-history":[{"count":2,"href":"https:\/\/blog.espol.edu.ec\/sistinfo\/wp-json\/wp\/v2\/posts\/269\/revisions"}],"predecessor-version":[{"id":465,"href":"https:\/\/blog.espol.edu.ec\/sistinfo\/wp-json\/wp\/v2\/posts\/269\/revisions\/465"}],"wp:attachment":[{"href":"https:\/\/blog.espol.edu.ec\/sistinfo\/wp-json\/wp\/v2\/media?parent=269"}],"wp:term":[{"taxonomy":"category","embeddable":true,"href":"https:\/\/blog.espol.edu.ec\/sistinfo\/wp-json\/wp\/v2\/categories?post=269"},{"taxonomy":"post_tag","embeddable":true,"href":"https:\/\/blog.espol.edu.ec\/sistinfo\/wp-json\/wp\/v2\/tags?post=269"}],"curies":[{"name":"wp","href":"https:\/\/api.w.org\/{rel}","templated":true}]}}