{"id":3,"date":"2010-06-03T03:11:28","date_gmt":"2010-06-03T03:11:28","guid":{"rendered":"http:\/\/blog.espol.edu.ec\/svanegas\/?p=3"},"modified":"2010-06-08T03:18:50","modified_gmt":"2010-06-08T03:18:50","slug":"musica","status":"publish","type":"post","link":"https:\/\/blog.espol.edu.ec\/svanegas\/2010\/06\/03\/musica\/","title":{"rendered":"Musica"},"content":{"rendered":"<table>\n<tbody>\n<tr>\n<td width=\"100%\">\n<table style=\"text-align: center;width: 459px;height: 56px\">\n<tbody>\n<tr>\n<td width=\"100%\">\n<h1><span style=\"color: #ff0000\">Slipknot se quita las <\/span><\/h1>\n<h1><span style=\"color: #ff0000\">m\u00e1scaras<\/span><\/h1>\n<\/td>\n<\/tr>\n<\/tbody>\n<\/table>\n<table>\n<tbody>\n<tr>\n<td valign=\"top\">\n<p style=\"text-align: justify\">Los integrantes de la banda de rock Slipknot sorprendieron a sus fan\u00e1ticos, cuando en medio de una rueda de prensa ofrecida luego de la muerte de Paul Grey, mostraron sus rostros para homenajearlo.<\/p>\n<p style=\"text-align: justify\">El bajista, de 38 a\u00f1os, fue encontrado muerto en un hotel a inicios de esta semana, cerca del pueblo en el que el grupo se fund\u00f3, Des Moines, Iowa. Todav\u00eda se desconocen las causas de su muerte y las autoridades esperan las pruebas de toxicolog\u00eda, pues seg\u00fan el informe no hay evidencia de una agresi\u00f3n por parte de terceros.<\/p>\n<p style=\"text-align: justify\">\u201cEs muy importante que todos adem\u00e1s de nosotros entiendan que Paul Grey era la esencia de la banda Slipknot, y que Paul estuvo all\u00ed desde el mism\u00edsimo comienzo\u201d, dijo el percusionista M. Shawn Crahan, quien toc\u00f3 con Grey en una de las primeras versiones de Slipknot a inicios de la d\u00e9cada de 1990.<\/p>\n<p style=\"text-align: justify\">Slipknot se hizo famosa por sus alocadas presentaciones, donde se romp\u00edan huesos, se prend\u00edan fuego unos a otros y se lanzaban sobre el p\u00fablico, siempre con sus rostros cubiertos por demon\u00edacas m\u00e1scaras.<\/p>\n<p style=\"text-align: center\"><img loading=\"lazy\" decoding=\"async\" class=\"aligncenter\" src=\"http:\/\/www.tiempo.hn\/web2\/images\/stories\/Slipknot%201.jpg\" alt=\"\" width=\"236\" height=\"300\" \/><\/p>\n<\/td>\n<\/tr>\n<\/tbody>\n<\/table>\n<\/td>\n<\/tr>\n<\/tbody>\n<\/table>\n<p>VIDEO:<\/p>\n<p>SLIPKNOT - DUALITY<br \/>\n<object width=\"960\" height=\"745\"><param name=\"movie\" value=\"http:\/\/www.youtube.com\/v\/oNC4uTE1Zpc&amp;hl=es_ES&amp;fs=1&amp;rel=0\"><\/param><param name=\"allowFullScreen\" value=\"true\"><\/param><param name=\"allowscriptaccess\" value=\"always\"><\/param><embed src=\"http:\/\/www.youtube.com\/v\/oNC4uTE1Zpc&amp;hl=es_ES&amp;fs=1&amp;rel=0\" type=\"application\/x-shockwave-flash\" allowscriptaccess=\"always\" allowfullscreen=\"true\" width=\"960\" height=\"745\"><\/embed><\/object><\/p>\n","protected":false},"excerpt":{"rendered":"<p>Slipknot se quita las m\u00e1scaras Los integrantes de la banda de rock Slipknot sorprendieron a sus fan\u00e1ticos, cuando en medio de una rueda de prensa ofrecida luego de la muerte de Paul Grey, mostraron sus rostros para homenajearlo. El bajista, de 38 a\u00f1os, fue encontrado muerto en un hotel a inicios de esta semana, cerca [&hellip;]<\/p>\n","protected":false},"author":4263,"featured_media":0,"comment_status":"open","ping_status":"open","sticky":false,"template":"","format":"standard","meta":{"footnotes":""},"categories":[1],"tags":[],"class_list":["post-3","post","type-post","status-publish","format-standard","hentry","category-uncategorized"],"_links":{"self":[{"href":"https:\/\/blog.espol.edu.ec\/svanegas\/wp-json\/wp\/v2\/posts\/3","targetHints":{"allow":["GET"]}}],"collection":[{"href":"https:\/\/blog.espol.edu.ec\/svanegas\/wp-json\/wp\/v2\/posts"}],"about":[{"href":"https:\/\/blog.espol.edu.ec\/svanegas\/wp-json\/wp\/v2\/types\/post"}],"author":[{"embeddable":true,"href":"https:\/\/blog.espol.edu.ec\/svanegas\/wp-json\/wp\/v2\/users\/4263"}],"replies":[{"embeddable":true,"href":"https:\/\/blog.espol.edu.ec\/svanegas\/wp-json\/wp\/v2\/comments?post=3"}],"version-history":[{"count":17,"href":"https:\/\/blog.espol.edu.ec\/svanegas\/wp-json\/wp\/v2\/posts\/3\/revisions"}],"predecessor-version":[{"id":25,"href":"https:\/\/blog.espol.edu.ec\/svanegas\/wp-json\/wp\/v2\/posts\/3\/revisions\/25"}],"wp:attachment":[{"href":"https:\/\/blog.espol.edu.ec\/svanegas\/wp-json\/wp\/v2\/media?parent=3"}],"wp:term":[{"taxonomy":"category","embeddable":true,"href":"https:\/\/blog.espol.edu.ec\/svanegas\/wp-json\/wp\/v2\/categories?post=3"},{"taxonomy":"post_tag","embeddable":true,"href":"https:\/\/blog.espol.edu.ec\/svanegas\/wp-json\/wp\/v2\/tags?post=3"}],"curies":[{"name":"wp","href":"https:\/\/api.w.org\/{rel}","templated":true}]}}