{"id":101,"date":"2021-09-23T22:59:06","date_gmt":"2021-09-23T20:59:06","guid":{"rendered":"http:\/\/blog.espol.edu.ec\/tecno\/?p=101"},"modified":"2021-09-23T22:59:06","modified_gmt":"2021-09-23T20:59:06","slug":"samsung-y-telefonos-que-se-doblan","status":"publish","type":"post","link":"https:\/\/blog.espol.edu.ec\/tecno\/samsung-y-telefonos-que-se-doblan\/","title":{"rendered":"Samsung y tel\u00e9fonos que se doblan"},"content":{"rendered":"<p>Todas las compa\u00f1\u00edas en la actualidad hacen lo posible para resaltar entre la multitud. Caracter\u00edsticas t\u00e9cnicas, tama\u00f1o de pantalla, dise\u00f1o y materiales que se usaron para crearlo entran en juego en el mercado todos los d\u00edas, por eso una de las empresas l\u00edderes en el mercado de telefon\u00eda celular de avanzada ha decidido que ya basta de hacer lo que las dem\u00e1s empresas hacen y han optado por la creaci\u00f3n de tel\u00e9fonos que puedan doblarse a la mitad o equipos con pantallas expandibles. \u00a1El futuro est\u00e1 aqu\u00ed!<br \/>\nSeg\u00fan reportes de los SEO de LG y Samsung actualmente ambas firmas poseen pantallas flexibles que no han dado a conocer por los momentos hasta que llegue la hora de colocarlas en sus dispositivos m\u00f3viles, no se sabe a ciencia cierta cu\u00e1l ser\u00e1 la primera firma en dar a conocer al mundo esta tecnolog\u00eda mas lo que s\u00ed se sabe es que la firma coreana est\u00e1 trabajando en dos equipos de pantalla flexible pero muy diferentes en cuanto a esa flexibilidad.<br \/>\nSe estima que sea para el pr\u00f3ximo a\u00f1o que tanto Samsung como LG saquen a la luz sus dispositivos flexibles. Hasta los momentos se sabe que Samsung trabaja en un dispositivo llamado Flex 2 el cual se podr\u00e1 doblar a la mitad y otro de lo que se sabe poco.<br \/>\nNinguna de las dos compa\u00f1\u00edas ha dado mes ni d\u00eda exactos para lanzar tel\u00e9fonos con estas caracter\u00edsticas flexibles pero lo que s\u00ed se sabe es que los dispositivos contaran con pantallas OLED y no ser\u00e1n parte de los modelos Galaxy en la marca Samsung sino que ser\u00e1n lanzados bajo un modelo independiente.<br \/>\nEn Samsung el Flex 2 se doblar\u00e1 a la mitad mientras que el otro el cual todav\u00eda se desconoce su nombre podr\u00e1 expandir su pantalla de un tama\u00f1o de 5 pulgadas hasta convertirse en un phablet de 8 bajo un m\u00e9todo todav\u00eda desconocido.<\/p>\n","protected":false},"excerpt":{"rendered":"<p>Todas las compa\u00f1\u00edas en la actualidad hacen lo posible para resaltar entre la multitud. Caracter\u00edsticas t\u00e9cnicas, tama\u00f1o de pantalla, dise\u00f1o y materiales que se usaron para crearlo entran en juego en el mercado todos los d\u00edas, por eso una de las empresas l\u00edderes en el mercado de telefon\u00eda celular de avanzada ha decidido que ya [&hellip;]<\/p>\n","protected":false},"author":11113,"featured_media":0,"comment_status":"closed","ping_status":"closed","sticky":false,"template":"","format":"standard","meta":{"footnotes":""},"categories":[818],"tags":[],"class_list":["post-101","post","type-post","status-publish","format-standard","hentry","category-sin-categoria"],"_links":{"self":[{"href":"https:\/\/blog.espol.edu.ec\/tecno\/wp-json\/wp\/v2\/posts\/101","targetHints":{"allow":["GET"]}}],"collection":[{"href":"https:\/\/blog.espol.edu.ec\/tecno\/wp-json\/wp\/v2\/posts"}],"about":[{"href":"https:\/\/blog.espol.edu.ec\/tecno\/wp-json\/wp\/v2\/types\/post"}],"author":[{"embeddable":true,"href":"https:\/\/blog.espol.edu.ec\/tecno\/wp-json\/wp\/v2\/users\/11113"}],"replies":[{"embeddable":true,"href":"https:\/\/blog.espol.edu.ec\/tecno\/wp-json\/wp\/v2\/comments?post=101"}],"version-history":[{"count":1,"href":"https:\/\/blog.espol.edu.ec\/tecno\/wp-json\/wp\/v2\/posts\/101\/revisions"}],"predecessor-version":[{"id":102,"href":"https:\/\/blog.espol.edu.ec\/tecno\/wp-json\/wp\/v2\/posts\/101\/revisions\/102"}],"wp:attachment":[{"href":"https:\/\/blog.espol.edu.ec\/tecno\/wp-json\/wp\/v2\/media?parent=101"}],"wp:term":[{"taxonomy":"category","embeddable":true,"href":"https:\/\/blog.espol.edu.ec\/tecno\/wp-json\/wp\/v2\/categories?post=101"},{"taxonomy":"post_tag","embeddable":true,"href":"https:\/\/blog.espol.edu.ec\/tecno\/wp-json\/wp\/v2\/tags?post=101"}],"curies":[{"name":"wp","href":"https:\/\/api.w.org\/{rel}","templated":true}]}}