{"id":53,"date":"2021-09-17T09:16:11","date_gmt":"2021-09-17T07:16:11","guid":{"rendered":"http:\/\/blog.espol.edu.ec\/tecno\/?p=53"},"modified":"2021-09-17T09:16:11","modified_gmt":"2021-09-17T07:16:11","slug":"galaxy-tab-s2","status":"publish","type":"post","link":"https:\/\/blog.espol.edu.ec\/tecno\/galaxy-tab-s2\/","title":{"rendered":"Galaxy Tab S2"},"content":{"rendered":"<p>Una poderosa Tablet merece un detallado vistazo, en esta ocasi\u00f3n traemos a la palestra a la nueva Galaxy Tab S2, una de las tablets m\u00e1s poderosas hasta la fecha. La Tablet que sustituye a su antecesora, la S1 o simplemente S, tiene una apariencia que nos recuerda mucho a su pariente en formato Smartphone, el Galaxy S6 pero multiplicado por dos, ya que esta Tablet posee una amplia pantalla de 10 pulgadas.<br \/>\nEn cuanto al dise\u00f1o de esta pieza de tecnolog\u00eda de Samsung podemos decir que es similar al del Galaxy S6, se puede confundir f\u00e1cilmente con una phablet o un Smartphone de tama\u00f1o colosal. Esto dependiendo del usuario podr\u00eda ser malo ya que es algo exagerado una pantalla de 10 pulgadas para una phablet o Smartphone convencional pero sin duda a muchas personas les fascinar\u00e1 este concepto.<br \/>\nEs ligera y delgada, tiene un peso de unos 390 gramos acompa\u00f1ados de 24 cm de alto por 17 de ancho y tan solo 5,6 mm de grosor. Debido a su dise\u00f1o, peso y dimensiones es f\u00e1cil de transportar, por lo cual tambi\u00e9n podr\u00e1 ser una invitada en los viajes de placer.<br \/>\nPara hacerla ver m\u00e1s elegante y agregarle un toque de resistencia sus creadores en Samsung le han agregado un marco met\u00e1lico que la envuelve. La Galaxy Tab S2 est\u00e1 disponible en varios colores, entre ellos el caracter\u00edstico blanco de la marca, azul oscuro y negro. La marca coreana decidi\u00f3 no imitar a las otras marcas introduciendo el dorado que se usa actualmente en varios terminales de gama alta. Sin embargo, el que cuenta con una pantalla S\u00faper AMOLED, 3 GB de RAM, 64 GB de almacenamiento para el usuario, 8 megap\u00edxeles de c\u00e1mara trasera y 2 de c\u00e1mara frontal junto a un procesador Exynos con ocho n\u00facleos hace el tema del color algo menos importante.<\/p>\n","protected":false},"excerpt":{"rendered":"<p>Una poderosa Tablet merece un detallado vistazo, en esta ocasi\u00f3n traemos a la palestra a la nueva Galaxy Tab S2, una de las tablets m\u00e1s poderosas hasta la fecha. La Tablet que sustituye a su antecesora, la S1 o simplemente S, tiene una apariencia que nos recuerda mucho a su pariente en formato Smartphone, el [&hellip;]<\/p>\n","protected":false},"author":11113,"featured_media":0,"comment_status":"closed","ping_status":"closed","sticky":false,"template":"","format":"standard","meta":{"footnotes":""},"categories":[818],"tags":[],"class_list":["post-53","post","type-post","status-publish","format-standard","hentry","category-sin-categoria"],"_links":{"self":[{"href":"https:\/\/blog.espol.edu.ec\/tecno\/wp-json\/wp\/v2\/posts\/53","targetHints":{"allow":["GET"]}}],"collection":[{"href":"https:\/\/blog.espol.edu.ec\/tecno\/wp-json\/wp\/v2\/posts"}],"about":[{"href":"https:\/\/blog.espol.edu.ec\/tecno\/wp-json\/wp\/v2\/types\/post"}],"author":[{"embeddable":true,"href":"https:\/\/blog.espol.edu.ec\/tecno\/wp-json\/wp\/v2\/users\/11113"}],"replies":[{"embeddable":true,"href":"https:\/\/blog.espol.edu.ec\/tecno\/wp-json\/wp\/v2\/comments?post=53"}],"version-history":[{"count":1,"href":"https:\/\/blog.espol.edu.ec\/tecno\/wp-json\/wp\/v2\/posts\/53\/revisions"}],"predecessor-version":[{"id":54,"href":"https:\/\/blog.espol.edu.ec\/tecno\/wp-json\/wp\/v2\/posts\/53\/revisions\/54"}],"wp:attachment":[{"href":"https:\/\/blog.espol.edu.ec\/tecno\/wp-json\/wp\/v2\/media?parent=53"}],"wp:term":[{"taxonomy":"category","embeddable":true,"href":"https:\/\/blog.espol.edu.ec\/tecno\/wp-json\/wp\/v2\/categories?post=53"},{"taxonomy":"post_tag","embeddable":true,"href":"https:\/\/blog.espol.edu.ec\/tecno\/wp-json\/wp\/v2\/tags?post=53"}],"curies":[{"name":"wp","href":"https:\/\/api.w.org\/{rel}","templated":true}]}}